{"id":116752,"date":"2019-09-16T07:34:30","date_gmt":"2019-09-16T10:34:30","guid":{"rendered":"http:\/\/www.caririemacao.com\/1\/?p=116752"},"modified":"2019-09-16T07:34:30","modified_gmt":"2019-09-16T10:34:30","slug":"homem-e-presos-suspeito-de-tentativa-de-feminicidio-em-santa-rita","status":"publish","type":"post","link":"https:\/\/www.caririemacao.com\/1\/2019\/09\/16\/homem-e-presos-suspeito-de-tentativa-de-feminicidio-em-santa-rita\/","title":{"rendered":"Homem \u00e9 presos suspeito de tentativa de feminic\u00eddio em Santa Rita"},"content":{"rendered":"\n<p>Um homem foi preso, neste domingo (15), suspeito de tentativa de feminic\u00eddio, na cidade de Santa Rita. O suspeito teria invadido a casa da ex-mulher e descumprido a medida protetiva.<\/p>\n\n\n\n<p>A v\u00edtima denunciou a invas\u00e3o e a pris\u00e3o foi realizada pela Patrulha Maria da Penha com apoio do 7\u00b0Batalh\u00e3o da Pol\u00edcia Militar e Ambiental.<\/p>\n\n\n\n<p>De acordo com a Pol\u00edcia, o homem apresentava sintomas de embriaguez.<\/p>\n\n\n\n<p>Ele foi encaminhado para \u00e0 Delegacia Especializada de Atendimento \u00e0 Mulher (Deam Sul).<\/p>\n","protected":false},"excerpt":{"rendered":"<p>Um homem foi preso, neste domingo (15), suspeito de tentativa de feminic\u00eddio, na cidade de Santa Rita. O suspeito teria invadido a casa da ex-mulher&hellip; <\/p>\n","protected":false},"author":1,"featured_media":116754,"comment_status":"closed","ping_status":"closed","sticky":false,"template":"","format":"standard","meta":{"sfsi_plus_gutenberg_text_before_share":"","sfsi_plus_gutenberg_show_text_before_share":"","sfsi_plus_gutenberg_icon_type":"","sfsi_plus_gutenberg_icon_alignemt":"","sfsi_plus_gutenburg_max_per_row":"","footnotes":""},"categories":[12],"tags":[],"class_list":["post-116752","post","type-post","status-publish","format-standard","has-post-thumbnail","hentry","category-policia"],"_links":{"self":[{"href":"https:\/\/www.caririemacao.com\/1\/wp-json\/wp\/v2\/posts\/116752","targetHints":{"allow":["GET"]}}],"collection":[{"href":"https:\/\/www.caririemacao.com\/1\/wp-json\/wp\/v2\/posts"}],"about":[{"href":"https:\/\/www.caririemacao.com\/1\/wp-json\/wp\/v2\/types\/post"}],"author":[{"embeddable":true,"href":"https:\/\/www.caririemacao.com\/1\/wp-json\/wp\/v2\/users\/1"}],"replies":[{"embeddable":true,"href":"https:\/\/www.caririemacao.com\/1\/wp-json\/wp\/v2\/comments?post=116752"}],"version-history":[{"count":1,"href":"https:\/\/www.caririemacao.com\/1\/wp-json\/wp\/v2\/posts\/116752\/revisions"}],"predecessor-version":[{"id":116755,"href":"https:\/\/www.caririemacao.com\/1\/wp-json\/wp\/v2\/posts\/116752\/revisions\/116755"}],"wp:featuredmedia":[{"embeddable":true,"href":"https:\/\/www.caririemacao.com\/1\/wp-json\/wp\/v2\/media\/116754"}],"wp:attachment":[{"href":"https:\/\/www.caririemacao.com\/1\/wp-json\/wp\/v2\/media?parent=116752"}],"wp:term":[{"taxonomy":"category","embeddable":true,"href":"https:\/\/www.caririemacao.com\/1\/wp-json\/wp\/v2\/categories?post=116752"},{"taxonomy":"post_tag","embeddable":true,"href":"https:\/\/www.caririemacao.com\/1\/wp-json\/wp\/v2\/tags?post=116752"}],"curies":[{"name":"wp","href":"https:\/\/api.w.org\/{rel}","templated":true}]}}