{"id":116764,"date":"2019-09-16T07:42:40","date_gmt":"2019-09-16T10:42:40","guid":{"rendered":"http:\/\/www.caririemacao.com\/1\/?p=116764"},"modified":"2019-09-16T07:42:40","modified_gmt":"2019-09-16T10:42:40","slug":"dois-menores-suspeitos-de-matar-funcionario-de-funeraria-sao-presos-no-sertao","status":"publish","type":"post","link":"https:\/\/www.caririemacao.com\/1\/2019\/09\/16\/dois-menores-suspeitos-de-matar-funcionario-de-funeraria-sao-presos-no-sertao\/","title":{"rendered":"Dois menores suspeitos de matar funcion\u00e1rio de funer\u00e1ria s\u00e3o presos no Sert\u00e3o"},"content":{"rendered":"\n<p>Dois menores suspeitos de matar um funcion\u00e1rio de uma funer\u00e1ria foram presos neste domingo (15), ap\u00f3s investiga\u00e7\u00f5es da Pol\u00edcia Militar.&nbsp;No in\u00edcio da tarde de hoje, durante rondas no bairro Tancredo Neves, em Catol\u00e9 do Rocha, os policiais&nbsp;se depararam com os dois suspeitos, os dois menores de idade, um com 17 anos e o outro com 14 anos.<\/p>\n\n\n\n<p>De acordo com os policiais, um desses acusados j\u00e1 \u00e9&nbsp;conhecido da pol\u00edcia. Durante a a pris\u00e3o&nbsp;eles confessaram aos policiais ter praticado o crime contra&nbsp;o funcion\u00e1rio.&nbsp;Ambos foram conduzidos para&nbsp;a 18\u00aa delegacia de Pol\u00edcia Civil de Catol\u00e9 do Rocha (PB), para os procedimentos necess\u00e1rios.<\/p>\n\n\n\n<p>Os motivos do crime ainda est\u00e3o sendo investigados. A pol\u00edcia n\u00e3o descarta nenhuma linha de investiga\u00e7\u00e3o.&nbsp;<\/p>\n","protected":false},"excerpt":{"rendered":"<p>Dois menores suspeitos de matar um funcion\u00e1rio de uma funer\u00e1ria foram presos neste domingo (15), ap\u00f3s investiga\u00e7\u00f5es da Pol\u00edcia Militar.&nbsp;No in\u00edcio da tarde de hoje,&hellip; <\/p>\n","protected":false},"author":1,"featured_media":116766,"comment_status":"closed","ping_status":"closed","sticky":false,"template":"","format":"standard","meta":{"sfsi_plus_gutenberg_text_before_share":"","sfsi_plus_gutenberg_show_text_before_share":"","sfsi_plus_gutenberg_icon_type":"","sfsi_plus_gutenberg_icon_alignemt":"","sfsi_plus_gutenburg_max_per_row":"","footnotes":""},"categories":[12],"tags":[],"class_list":["post-116764","post","type-post","status-publish","format-standard","has-post-thumbnail","hentry","category-policia"],"_links":{"self":[{"href":"https:\/\/www.caririemacao.com\/1\/wp-json\/wp\/v2\/posts\/116764","targetHints":{"allow":["GET"]}}],"collection":[{"href":"https:\/\/www.caririemacao.com\/1\/wp-json\/wp\/v2\/posts"}],"about":[{"href":"https:\/\/www.caririemacao.com\/1\/wp-json\/wp\/v2\/types\/post"}],"author":[{"embeddable":true,"href":"https:\/\/www.caririemacao.com\/1\/wp-json\/wp\/v2\/users\/1"}],"replies":[{"embeddable":true,"href":"https:\/\/www.caririemacao.com\/1\/wp-json\/wp\/v2\/comments?post=116764"}],"version-history":[{"count":1,"href":"https:\/\/www.caririemacao.com\/1\/wp-json\/wp\/v2\/posts\/116764\/revisions"}],"predecessor-version":[{"id":116767,"href":"https:\/\/www.caririemacao.com\/1\/wp-json\/wp\/v2\/posts\/116764\/revisions\/116767"}],"wp:featuredmedia":[{"embeddable":true,"href":"https:\/\/www.caririemacao.com\/1\/wp-json\/wp\/v2\/media\/116766"}],"wp:attachment":[{"href":"https:\/\/www.caririemacao.com\/1\/wp-json\/wp\/v2\/media?parent=116764"}],"wp:term":[{"taxonomy":"category","embeddable":true,"href":"https:\/\/www.caririemacao.com\/1\/wp-json\/wp\/v2\/categories?post=116764"},{"taxonomy":"post_tag","embeddable":true,"href":"https:\/\/www.caririemacao.com\/1\/wp-json\/wp\/v2\/tags?post=116764"}],"curies":[{"name":"wp","href":"https:\/\/api.w.org\/{rel}","templated":true}]}}