{"id":116776,"date":"2019-09-16T08:56:12","date_gmt":"2019-09-16T11:56:12","guid":{"rendered":"http:\/\/www.caririemacao.com\/1\/?p=116776"},"modified":"2019-09-16T08:56:12","modified_gmt":"2019-09-16T11:56:12","slug":"policia-investiga-causas-da-morte-de-crianca-de-dois-anos-em-belem","status":"publish","type":"post","link":"https:\/\/www.caririemacao.com\/1\/2019\/09\/16\/policia-investiga-causas-da-morte-de-crianca-de-dois-anos-em-belem\/","title":{"rendered":"Pol\u00edcia investiga causas da morte de crian\u00e7a de dois anos em Bel\u00e9m"},"content":{"rendered":"\n<p>A pol\u00edcia est\u00e1 investigando as causas da morte de uma crian\u00e7a de 2 anos que foi encontrada morta dentro de uma rede no munic\u00edpio de Bel\u00e9m, no Brejo paraibano. O fato aconteceu no s\u00e1bado (14) pela manh\u00e3.<\/p>\n\n\n\n<p>De acordo com a pol\u00edcia, a crian\u00e7a foi colocada na rede para dormir e depois de um tempo familiares perceberam que ela estava morta.<\/p>\n\n\n\n<p>O corpo de Samara Tomaz Ferreira da Silva foi levado para o N\u00facleo de Medicina Odonto-Legal (Gemol).<\/p>\n\n\n\n<p>Andrea, tia da crian\u00e7a, relatou que a menina vinha doente. \u201cH\u00e1 dois meses a menina foi encontrada desmaiada dentro da rede e pensamos que ela estava morta. Samara foi levada \u00e0s presas para o hospital e precisou ser encaminhada para Jo\u00e3o pessoa\u201d, disse acrescentando que foram feitos v\u00e1rios exames na menina e nada foi acusado.<\/p>\n\n\n\n<p>Andrea afirmou ainda que a menina vinha doente desde o dia que voltou do atendimento realizado em Jo\u00e3o Pessoa. \u201cQuando foi hoje a menina amanheceu morta dentro da rede e ningu\u00e9m sabe o motivo\u201d, frisou.<\/p>\n\n\n\n<p>Os familiares acionaram a pol\u00edcia para a realiza\u00e7\u00e3o dos procedimentos necess\u00e1rios no intuito de descobrir o que aconteceu. \u201cQueremos tirar as conclus\u00f5es da m\u00e3e, da fam\u00edlia e da popula\u00e7\u00e3o para que n\u00e3o pensem outra coisa\u201d, finalizou Andrea.<\/p>\n","protected":false},"excerpt":{"rendered":"<p>A pol\u00edcia est\u00e1 investigando as causas da morte de uma crian\u00e7a de 2 anos que foi encontrada morta dentro de uma rede no munic\u00edpio de&hellip; <\/p>\n","protected":false},"author":1,"featured_media":105260,"comment_status":"closed","ping_status":"closed","sticky":false,"template":"","format":"standard","meta":{"sfsi_plus_gutenberg_text_before_share":"","sfsi_plus_gutenberg_show_text_before_share":"","sfsi_plus_gutenberg_icon_type":"","sfsi_plus_gutenberg_icon_alignemt":"","sfsi_plus_gutenburg_max_per_row":"","footnotes":""},"categories":[12],"tags":[],"class_list":["post-116776","post","type-post","status-publish","format-standard","has-post-thumbnail","hentry","category-policia"],"_links":{"self":[{"href":"https:\/\/www.caririemacao.com\/1\/wp-json\/wp\/v2\/posts\/116776","targetHints":{"allow":["GET"]}}],"collection":[{"href":"https:\/\/www.caririemacao.com\/1\/wp-json\/wp\/v2\/posts"}],"about":[{"href":"https:\/\/www.caririemacao.com\/1\/wp-json\/wp\/v2\/types\/post"}],"author":[{"embeddable":true,"href":"https:\/\/www.caririemacao.com\/1\/wp-json\/wp\/v2\/users\/1"}],"replies":[{"embeddable":true,"href":"https:\/\/www.caririemacao.com\/1\/wp-json\/wp\/v2\/comments?post=116776"}],"version-history":[{"count":1,"href":"https:\/\/www.caririemacao.com\/1\/wp-json\/wp\/v2\/posts\/116776\/revisions"}],"predecessor-version":[{"id":116778,"href":"https:\/\/www.caririemacao.com\/1\/wp-json\/wp\/v2\/posts\/116776\/revisions\/116778"}],"wp:featuredmedia":[{"embeddable":true,"href":"https:\/\/www.caririemacao.com\/1\/wp-json\/wp\/v2\/media\/105260"}],"wp:attachment":[{"href":"https:\/\/www.caririemacao.com\/1\/wp-json\/wp\/v2\/media?parent=116776"}],"wp:term":[{"taxonomy":"category","embeddable":true,"href":"https:\/\/www.caririemacao.com\/1\/wp-json\/wp\/v2\/categories?post=116776"},{"taxonomy":"post_tag","embeddable":true,"href":"https:\/\/www.caririemacao.com\/1\/wp-json\/wp\/v2\/tags?post=116776"}],"curies":[{"name":"wp","href":"https:\/\/api.w.org\/{rel}","templated":true}]}}