{"id":116803,"date":"2019-09-16T09:04:46","date_gmt":"2019-09-16T12:04:46","guid":{"rendered":"http:\/\/www.caririemacao.com\/1\/?p=116803"},"modified":"2019-09-16T09:04:46","modified_gmt":"2019-09-16T12:04:46","slug":"cinco-criancas-ficam-feridas-em-grave-acidente-na-regiao-de-sousa","status":"publish","type":"post","link":"https:\/\/www.caririemacao.com\/1\/2019\/09\/16\/cinco-criancas-ficam-feridas-em-grave-acidente-na-regiao-de-sousa\/","title":{"rendered":"Cinco crian\u00e7as ficam feridas em grave acidente na regi\u00e3o de Sousa"},"content":{"rendered":"\n<p>Um grave acidente envolvendo um carro deixou cinco crian\u00e7as feridas na tarde desse domingo (15) na rodovia estadual que liga S\u00e3o Jos\u00e9 de Piranhas \u00e0 Carrapateira, Sert\u00e3o da Para\u00edba.<\/p>\n\n\n\n<p>Segundo a pol\u00edcia, o ve\u00edculo saiu da pista e capotou v\u00e1rias vezes. O motorista do carro ainda n\u00e3o foi identificado.<\/p>\n\n\n\n<p>As v\u00edtimas foram socorridas ao Hospital Regional de Cajazeiras (HRC) e permanecem internadas, duas delas em estado grave.<\/p>\n","protected":false},"excerpt":{"rendered":"<p>Um grave acidente envolvendo um carro deixou cinco crian\u00e7as feridas na tarde desse domingo (15) na rodovia estadual que liga S\u00e3o Jos\u00e9 de Piranhas \u00e0&hellip; <\/p>\n","protected":false},"author":1,"featured_media":116805,"comment_status":"closed","ping_status":"closed","sticky":false,"template":"","format":"standard","meta":{"sfsi_plus_gutenberg_text_before_share":"","sfsi_plus_gutenberg_show_text_before_share":"","sfsi_plus_gutenberg_icon_type":"","sfsi_plus_gutenberg_icon_alignemt":"","sfsi_plus_gutenburg_max_per_row":"","footnotes":""},"categories":[2],"tags":[],"class_list":["post-116803","post","type-post","status-publish","format-standard","has-post-thumbnail","hentry","category-geral"],"_links":{"self":[{"href":"https:\/\/www.caririemacao.com\/1\/wp-json\/wp\/v2\/posts\/116803","targetHints":{"allow":["GET"]}}],"collection":[{"href":"https:\/\/www.caririemacao.com\/1\/wp-json\/wp\/v2\/posts"}],"about":[{"href":"https:\/\/www.caririemacao.com\/1\/wp-json\/wp\/v2\/types\/post"}],"author":[{"embeddable":true,"href":"https:\/\/www.caririemacao.com\/1\/wp-json\/wp\/v2\/users\/1"}],"replies":[{"embeddable":true,"href":"https:\/\/www.caririemacao.com\/1\/wp-json\/wp\/v2\/comments?post=116803"}],"version-history":[{"count":1,"href":"https:\/\/www.caririemacao.com\/1\/wp-json\/wp\/v2\/posts\/116803\/revisions"}],"predecessor-version":[{"id":116806,"href":"https:\/\/www.caririemacao.com\/1\/wp-json\/wp\/v2\/posts\/116803\/revisions\/116806"}],"wp:featuredmedia":[{"embeddable":true,"href":"https:\/\/www.caririemacao.com\/1\/wp-json\/wp\/v2\/media\/116805"}],"wp:attachment":[{"href":"https:\/\/www.caririemacao.com\/1\/wp-json\/wp\/v2\/media?parent=116803"}],"wp:term":[{"taxonomy":"category","embeddable":true,"href":"https:\/\/www.caririemacao.com\/1\/wp-json\/wp\/v2\/categories?post=116803"},{"taxonomy":"post_tag","embeddable":true,"href":"https:\/\/www.caririemacao.com\/1\/wp-json\/wp\/v2\/tags?post=116803"}],"curies":[{"name":"wp","href":"https:\/\/api.w.org\/{rel}","templated":true}]}}