{"id":116818,"date":"2019-09-16T09:07:02","date_gmt":"2019-09-16T12:07:02","guid":{"rendered":"http:\/\/www.caririemacao.com\/1\/?p=116818"},"modified":"2019-09-16T09:07:02","modified_gmt":"2019-09-16T12:07:02","slug":"confira-o-resultado-final-do-concurso-com-71-vagas-para-professor-e-guarda-municipal-na-prefeitura-de-conde","status":"publish","type":"post","link":"https:\/\/www.caririemacao.com\/1\/2019\/09\/16\/confira-o-resultado-final-do-concurso-com-71-vagas-para-professor-e-guarda-municipal-na-prefeitura-de-conde\/","title":{"rendered":"Confira o resultado final do concurso com 71 vagas para professor e guarda municipal na Prefeitura de Conde"},"content":{"rendered":"\n<p>A Prefeitura de Conde, publicou na tarde deste domingo o resultado final do concurso que oferece 71 vagas, sendo 51 para professores e 20 para guarda municipal. O certame foi aplicado pelo Instituto Brasileiro de Forma\u00e7\u00e3o e Capacita\u00e7\u00e3o (IBFC) e o resultado pode ser consultado no Portal da Prefeitura, na aba \u201cConcurso P\u00fablico, na edi\u00e7\u00e3o n\u00ba 1.582 do Di\u00e1rio Oficial do munic\u00edpio e no site da empresa organizadora.<a href=\"https:\/\/conde.pb.gov.br\/\">(Confira aqui)<\/a><br><\/p>\n\n\n\n<p>As provas foram aplicadas no dia 19 de maio para um total de 5.188 inscritos. Os sal\u00e1rios variam entre R$ 1.047,90 e R$ 1.607,96.<\/p>\n\n\n\n<p>A homologa\u00e7\u00e3o do Concurso para professor ser\u00e1 no dia 19 de dezembro e para guarda municipal, a previs\u00e3o \u00e9 para o dia 26 de novembro. No dia 16 de setembro, os candidatos e candidatas para Guarda Municipal ser\u00e3o convocados para apresenta\u00e7\u00e3o dos Exames M\u00e9dicos.&nbsp;<br><\/p>\n\n\n\n<p>Seguindo o cronograma proposto, o Teste de Aptid\u00e3o F\u00edsica que seria realizado no 16 de junho, foi adiado devido as fortes chuvas que ca\u00edram no munic\u00edpio, sendo realizada no \u00faltimo dia 23 de junho. No dia 07 de julho, os aptos participaram da avalia\u00e7\u00e3o psicol\u00f3gica.<\/p>\n","protected":false},"excerpt":{"rendered":"<p>A Prefeitura de Conde, publicou na tarde deste domingo o resultado final do concurso que oferece 71 vagas, sendo 51 para professores e 20 para&hellip; <\/p>\n","protected":false},"author":1,"featured_media":105886,"comment_status":"closed","ping_status":"closed","sticky":false,"template":"","format":"standard","meta":{"sfsi_plus_gutenberg_text_before_share":"","sfsi_plus_gutenberg_show_text_before_share":"","sfsi_plus_gutenberg_icon_type":"","sfsi_plus_gutenberg_icon_alignemt":"","sfsi_plus_gutenburg_max_per_row":"","footnotes":""},"categories":[2],"tags":[],"class_list":["post-116818","post","type-post","status-publish","format-standard","has-post-thumbnail","hentry","category-geral"],"_links":{"self":[{"href":"https:\/\/www.caririemacao.com\/1\/wp-json\/wp\/v2\/posts\/116818","targetHints":{"allow":["GET"]}}],"collection":[{"href":"https:\/\/www.caririemacao.com\/1\/wp-json\/wp\/v2\/posts"}],"about":[{"href":"https:\/\/www.caririemacao.com\/1\/wp-json\/wp\/v2\/types\/post"}],"author":[{"embeddable":true,"href":"https:\/\/www.caririemacao.com\/1\/wp-json\/wp\/v2\/users\/1"}],"replies":[{"embeddable":true,"href":"https:\/\/www.caririemacao.com\/1\/wp-json\/wp\/v2\/comments?post=116818"}],"version-history":[{"count":1,"href":"https:\/\/www.caririemacao.com\/1\/wp-json\/wp\/v2\/posts\/116818\/revisions"}],"predecessor-version":[{"id":116819,"href":"https:\/\/www.caririemacao.com\/1\/wp-json\/wp\/v2\/posts\/116818\/revisions\/116819"}],"wp:featuredmedia":[{"embeddable":true,"href":"https:\/\/www.caririemacao.com\/1\/wp-json\/wp\/v2\/media\/105886"}],"wp:attachment":[{"href":"https:\/\/www.caririemacao.com\/1\/wp-json\/wp\/v2\/media?parent=116818"}],"wp:term":[{"taxonomy":"category","embeddable":true,"href":"https:\/\/www.caririemacao.com\/1\/wp-json\/wp\/v2\/categories?post=116818"},{"taxonomy":"post_tag","embeddable":true,"href":"https:\/\/www.caririemacao.com\/1\/wp-json\/wp\/v2\/tags?post=116818"}],"curies":[{"name":"wp","href":"https:\/\/api.w.org\/{rel}","templated":true}]}}