{"id":116833,"date":"2019-09-16T09:20:45","date_gmt":"2019-09-16T12:20:45","guid":{"rendered":"http:\/\/www.caririemacao.com\/1\/?p=116833"},"modified":"2019-09-16T09:20:45","modified_gmt":"2019-09-16T12:20:45","slug":"igp-10-tem-inflacao-de-029-em-setembro","status":"publish","type":"post","link":"https:\/\/www.caririemacao.com\/1\/2019\/09\/16\/igp-10-tem-inflacao-de-029-em-setembro\/","title":{"rendered":"IGP-10 tem infla\u00e7\u00e3o de 0,29% em setembro"},"content":{"rendered":"\n<p>O \u00cdndice Geral de Pre\u00e7os\u201310 (IGP-10), calculado pela Funda\u00e7\u00e3o Getulio Vargas (FGV), registrou infla\u00e7\u00e3o de 0,29% em setembro. A taxa \u00e9 maior que a de agosto, que havia tido defla\u00e7\u00e3o (queda de pre\u00e7os) de 0,47%, mas inferior ao \u00edndice de setembro do ano passado: infla\u00e7\u00e3o de 1,20%.<br>\u00a0<br>O IGP-10 acumula infla\u00e7\u00e3o de 3,62% no ano e de 3,65% em 12 meses. Os dados foram divulgados hoje (16), no Rio de Janeiro.<\/p>\n\n\n\n<figure class=\"wp-block-image\"><img decoding=\"async\" data-src=\"http:\/\/imagens.ebc.com.br\/sRR7HrTlowG5dd82fwiKIcZt6q4=\/754x0\/smart\/http:\/\/agenciabrasil.ebc.com.br\/sites\/default\/files\/atoms\/image\/antonio_cruz_casa_popular.jpg?itok=zmfNnyG4\" alt=\"Constru\u00e7\u00e3o civil\" src=\"data:image\/svg+xml;base64,PHN2ZyB3aWR0aD0iMSIgaGVpZ2h0PSIxIiB4bWxucz0iaHR0cDovL3d3dy53My5vcmcvMjAwMC9zdmciPjwvc3ZnPg==\" class=\"lazyload\" \/><\/figure>\n\n\n\n<p>Alta de agosto para setembro foi puxada pelos pre\u00e7os no atacado e pelo custo da constru\u00e7\u00e3o&nbsp; civil&nbsp;&nbsp;<strong>(Arquivo\/<\/strong><strong>Ant\u00f4nio Cruz\/Ag\u00eancia Brasil)<\/strong><\/p>\n\n\n\n<p>A alta de agosto para setembro foi puxada pelos pre\u00e7os no atacado e pelo custo da constru\u00e7\u00e3o. A infla\u00e7\u00e3o do \u00cdndice Nacional do Custo da Constru\u00e7\u00e3o subiu de 0,35% em agosto para 0,79% em setembro.<br>&nbsp;<br>J\u00e1 o \u00cdndice de Pre\u00e7os ao Produtor Amplo, que mede o atacado, continuou registrando defla\u00e7\u00e3o, mas com uma taxa mais moderada (-0,57%) do que no m\u00eas anterior (-0,83%).<br>&nbsp;<br>E o \u00cdndice de Pre\u00e7os ao Consumidor apresentou queda da taxa, de 0,24% em agosto, para 0,05% em setembro.<\/p>\n","protected":false},"excerpt":{"rendered":"<p>O \u00cdndice Geral de Pre\u00e7os\u201310 (IGP-10), calculado pela Funda\u00e7\u00e3o Getulio Vargas (FGV), registrou infla\u00e7\u00e3o de 0,29% em setembro. A taxa \u00e9 maior que a de&hellip; <\/p>\n","protected":false},"author":1,"featured_media":9677,"comment_status":"closed","ping_status":"closed","sticky":false,"template":"","format":"standard","meta":{"sfsi_plus_gutenberg_text_before_share":"","sfsi_plus_gutenberg_show_text_before_share":"","sfsi_plus_gutenberg_icon_type":"","sfsi_plus_gutenberg_icon_alignemt":"","sfsi_plus_gutenburg_max_per_row":"","footnotes":""},"categories":[2],"tags":[],"class_list":["post-116833","post","type-post","status-publish","format-standard","has-post-thumbnail","hentry","category-geral"],"_links":{"self":[{"href":"https:\/\/www.caririemacao.com\/1\/wp-json\/wp\/v2\/posts\/116833","targetHints":{"allow":["GET"]}}],"collection":[{"href":"https:\/\/www.caririemacao.com\/1\/wp-json\/wp\/v2\/posts"}],"about":[{"href":"https:\/\/www.caririemacao.com\/1\/wp-json\/wp\/v2\/types\/post"}],"author":[{"embeddable":true,"href":"https:\/\/www.caririemacao.com\/1\/wp-json\/wp\/v2\/users\/1"}],"replies":[{"embeddable":true,"href":"https:\/\/www.caririemacao.com\/1\/wp-json\/wp\/v2\/comments?post=116833"}],"version-history":[{"count":1,"href":"https:\/\/www.caririemacao.com\/1\/wp-json\/wp\/v2\/posts\/116833\/revisions"}],"predecessor-version":[{"id":116837,"href":"https:\/\/www.caririemacao.com\/1\/wp-json\/wp\/v2\/posts\/116833\/revisions\/116837"}],"wp:featuredmedia":[{"embeddable":true,"href":"https:\/\/www.caririemacao.com\/1\/wp-json\/wp\/v2\/media\/9677"}],"wp:attachment":[{"href":"https:\/\/www.caririemacao.com\/1\/wp-json\/wp\/v2\/media?parent=116833"}],"wp:term":[{"taxonomy":"category","embeddable":true,"href":"https:\/\/www.caririemacao.com\/1\/wp-json\/wp\/v2\/categories?post=116833"},{"taxonomy":"post_tag","embeddable":true,"href":"https:\/\/www.caririemacao.com\/1\/wp-json\/wp\/v2\/tags?post=116833"}],"curies":[{"name":"wp","href":"https:\/\/api.w.org\/{rel}","templated":true}]}}