{"id":116851,"date":"2019-09-16T09:23:33","date_gmt":"2019-09-16T12:23:33","guid":{"rendered":"http:\/\/www.caririemacao.com\/1\/?p=116851"},"modified":"2019-09-16T09:23:33","modified_gmt":"2019-09-16T12:23:33","slug":"populacao-de-idosos-no-japao-e-a-mais-alta-ja-registrada","status":"publish","type":"post","link":"https:\/\/www.caririemacao.com\/1\/2019\/09\/16\/populacao-de-idosos-no-japao-e-a-mais-alta-ja-registrada\/","title":{"rendered":"Popula\u00e7\u00e3o de idosos no Jap\u00e3o \u00e9 a mais alta j\u00e1 registrada"},"content":{"rendered":"\n<p>Uma pesquisa do governo japon\u00eas revelou que o n\u00famero de pessoas com 65 anos de idade ou mais e sua propor\u00e7\u00e3o em rela\u00e7\u00e3o \u00e0 popula\u00e7\u00e3o total do pa\u00eds registraram novos recordes.<\/p>\n\n\n\n<p>O Minist\u00e9rio do Interior estima que, at\u00e9 domingo (15), a popula\u00e7\u00e3o de idosos era de 35,88 milh\u00f5es de pessoas. Isso representa um aumento de 320 mil em rela\u00e7\u00e3o ao ano passado. Esta segunda-feira (16) marca o Dia do Idoso, um feriado nacional japon\u00eas.<\/p>\n\n\n\n<p>O minist\u00e9rio diz que a propor\u00e7\u00e3o de idosos na popula\u00e7\u00e3o total \u00e9 de 28,4%, um aumento de 0,3 ponto percentual.<\/p>\n\n\n\n<p>Dados das Na\u00e7\u00f5es Unidas revelam que essa propor\u00e7\u00e3o \u00e9 a maior no mundo, seguida pela It\u00e1lia, com 23% e Portugal, com 22,4%.<\/p>\n\n\n\n<p>O Instituto Nacional de Pesquisa sobre Popula\u00e7\u00e3o e Seguridade Social estima que a propor\u00e7\u00e3o de idosos no Jap\u00e3o ser\u00e1 de 35,3% em 2040.<\/p>\n\n\n\n<p>O minist\u00e9rio tamb\u00e9m afirma que o n\u00famero de trabalhadores idosos registrado no ano passado foi de 8,62 milh\u00f5es, representando 12,9% de toda a for\u00e7a de trabalho. Ambos tamb\u00e9m s\u00e3o os n\u00fameros mais altos j\u00e1 registrados.<\/p>\n","protected":false},"excerpt":{"rendered":"<p>Uma pesquisa do governo japon\u00eas revelou que o n\u00famero de pessoas com 65 anos de idade ou mais e sua propor\u00e7\u00e3o em rela\u00e7\u00e3o \u00e0 popula\u00e7\u00e3o&hellip; <\/p>\n","protected":false},"author":1,"featured_media":98698,"comment_status":"closed","ping_status":"closed","sticky":false,"template":"","format":"standard","meta":{"sfsi_plus_gutenberg_text_before_share":"","sfsi_plus_gutenberg_show_text_before_share":"","sfsi_plus_gutenberg_icon_type":"","sfsi_plus_gutenberg_icon_alignemt":"","sfsi_plus_gutenburg_max_per_row":"","footnotes":""},"categories":[2],"tags":[],"class_list":["post-116851","post","type-post","status-publish","format-standard","has-post-thumbnail","hentry","category-geral"],"_links":{"self":[{"href":"https:\/\/www.caririemacao.com\/1\/wp-json\/wp\/v2\/posts\/116851","targetHints":{"allow":["GET"]}}],"collection":[{"href":"https:\/\/www.caririemacao.com\/1\/wp-json\/wp\/v2\/posts"}],"about":[{"href":"https:\/\/www.caririemacao.com\/1\/wp-json\/wp\/v2\/types\/post"}],"author":[{"embeddable":true,"href":"https:\/\/www.caririemacao.com\/1\/wp-json\/wp\/v2\/users\/1"}],"replies":[{"embeddable":true,"href":"https:\/\/www.caririemacao.com\/1\/wp-json\/wp\/v2\/comments?post=116851"}],"version-history":[{"count":1,"href":"https:\/\/www.caririemacao.com\/1\/wp-json\/wp\/v2\/posts\/116851\/revisions"}],"predecessor-version":[{"id":116853,"href":"https:\/\/www.caririemacao.com\/1\/wp-json\/wp\/v2\/posts\/116851\/revisions\/116853"}],"wp:featuredmedia":[{"embeddable":true,"href":"https:\/\/www.caririemacao.com\/1\/wp-json\/wp\/v2\/media\/98698"}],"wp:attachment":[{"href":"https:\/\/www.caririemacao.com\/1\/wp-json\/wp\/v2\/media?parent=116851"}],"wp:term":[{"taxonomy":"category","embeddable":true,"href":"https:\/\/www.caririemacao.com\/1\/wp-json\/wp\/v2\/categories?post=116851"},{"taxonomy":"post_tag","embeddable":true,"href":"https:\/\/www.caririemacao.com\/1\/wp-json\/wp\/v2\/tags?post=116851"}],"curies":[{"name":"wp","href":"https:\/\/api.w.org\/{rel}","templated":true}]}}