{"id":116895,"date":"2019-09-16T12:29:11","date_gmt":"2019-09-16T15:29:11","guid":{"rendered":"http:\/\/www.caririemacao.com\/1\/?p=116895"},"modified":"2019-09-16T12:29:11","modified_gmt":"2019-09-16T15:29:11","slug":"festa-da-padroeira-de-monteiro-movimenta-cidade-e-procissao-reune-multidao","status":"publish","type":"post","link":"https:\/\/www.caririemacao.com\/1\/2019\/09\/16\/festa-da-padroeira-de-monteiro-movimenta-cidade-e-procissao-reune-multidao\/","title":{"rendered":"Festa da Padroeira de Monteiro movimenta cidade e prociss\u00e3o re\u00fane multid\u00e3o"},"content":{"rendered":"\n<p>Neste domingo (15), houve o encerramento da Festa de Nossa Senhora das Dores, padroeira do munic\u00edpio de Monteiro. A Missa campal realizada em frente \u00e0 Igreja Matriz foi presidida por Pe. M\u00e1rcio Henrique Mendes Fernandes, P\u00e1roco da Par\u00f3quia do Ros\u00e1rio em Campina Grande. Estiveram presentes na concelebra\u00e7\u00e3o o Pe. Isa\u00edas Rodrigues dos Santos, P\u00e1roco, Pe. Artur e Pe. Jo\u00e3o Batista que tamb\u00e9m trabalham em Monteiro, entre outros padres que s\u00e3o filhos da cidade ou que j\u00e1 foram p\u00e1rocos.<\/p>\n\n\n\n<p>A celebra\u00e7\u00e3o iniciou \u00e0s 17h e Padre M\u00e1rcio deixou uma mensagem de incentivo e coragem aos fi\u00e9is. Ao falar nas sete dores de Nossa Senhora anunciadas na profecia de Sim\u00e3o que dizia que aquele menino apresentado no templo seria causa de queda e reerguimento para muitos em Israel e que uma espada de dor transpassaria o cora\u00e7\u00e3o de Maria, o padre lembrou que essa profecia iria acompanhar toda a vida da Virgem Sant\u00edssima.<\/p>\n\n\n\n<p>\u201cEla passar\u00e1 por todo o mart\u00edrio de ver o seu filho sofrer e ser executado, mas ficar\u00e1 sempre de p\u00e9 junto \u00e0 Cruz. \u201cSejam como Maria, vencedores, n\u00e3o fiquem no ch\u00e3o ap\u00f3s passarem pelos sofrimentos deste mundo\u201d, disse o padre. Ap\u00f3s a Santa Missa, todos seguiram em Prociss\u00e3o pelas ruas da cidade com Imagem da Padroeira e as festividades foram encerradas com um show religioso da cantora Celione David.<\/p>\n\n\n\n<p>A Festa de Nossa Senhora das Dores, padroeira do munic\u00edpio de Monteiro, movimentou a cidade durante os \u00faltimos 10 dias, e ganhou nova roupagem. O Padre Isa\u00edas, p\u00e1roco da cidade, resgatou as tradicionais festas musicais com forr\u00f3 estilizado no pavilh\u00e3o da Festa, e durante todas as 10 noites de festa, ap\u00f3s uma novena na Igreja, um grande p\u00fablico prestigiou a programa\u00e7\u00e3o.<\/p>\n\n\n\n<p>A prociss\u00e3o com a imagem da santa pelas ruas da cidade esse ano reuniu o maior p\u00fablico dos \u00faltimos anos.<\/p>\n\n\n\n<p>O Padre Isa\u00edas confirmou a realiza\u00e7\u00e3o da festa da Padroeira em 2020, entre os dias 5 e 15 de setembro, e agradeceu a todos que participaram e colaboraram para realiza\u00e7\u00e3o do evento.<\/p>\n\n\n\n<p>A Festa da Padroeira 2019 contou com o apoio da Prefeitura Municipal de Monteiro, com\u00e9rcio local e colaboradores.<\/p>\n","protected":false},"excerpt":{"rendered":"<p>Neste domingo (15), houve o encerramento da Festa de Nossa Senhora das Dores, padroeira do munic\u00edpio de Monteiro. A Missa campal realizada em frente \u00e0&hellip; <\/p>\n","protected":false},"author":1,"featured_media":116896,"comment_status":"closed","ping_status":"closed","sticky":false,"template":"","format":"standard","meta":{"sfsi_plus_gutenberg_text_before_share":"","sfsi_plus_gutenberg_show_text_before_share":"","sfsi_plus_gutenberg_icon_type":"","sfsi_plus_gutenberg_icon_alignemt":"","sfsi_plus_gutenburg_max_per_row":"","footnotes":""},"categories":[6,50],"tags":[],"class_list":["post-116895","post","type-post","status-publish","format-standard","has-post-thumbnail","hentry","category-cidades","category-destaque"],"_links":{"self":[{"href":"https:\/\/www.caririemacao.com\/1\/wp-json\/wp\/v2\/posts\/116895","targetHints":{"allow":["GET"]}}],"collection":[{"href":"https:\/\/www.caririemacao.com\/1\/wp-json\/wp\/v2\/posts"}],"about":[{"href":"https:\/\/www.caririemacao.com\/1\/wp-json\/wp\/v2\/types\/post"}],"author":[{"embeddable":true,"href":"https:\/\/www.caririemacao.com\/1\/wp-json\/wp\/v2\/users\/1"}],"replies":[{"embeddable":true,"href":"https:\/\/www.caririemacao.com\/1\/wp-json\/wp\/v2\/comments?post=116895"}],"version-history":[{"count":1,"href":"https:\/\/www.caririemacao.com\/1\/wp-json\/wp\/v2\/posts\/116895\/revisions"}],"predecessor-version":[{"id":116897,"href":"https:\/\/www.caririemacao.com\/1\/wp-json\/wp\/v2\/posts\/116895\/revisions\/116897"}],"wp:featuredmedia":[{"embeddable":true,"href":"https:\/\/www.caririemacao.com\/1\/wp-json\/wp\/v2\/media\/116896"}],"wp:attachment":[{"href":"https:\/\/www.caririemacao.com\/1\/wp-json\/wp\/v2\/media?parent=116895"}],"wp:term":[{"taxonomy":"category","embeddable":true,"href":"https:\/\/www.caririemacao.com\/1\/wp-json\/wp\/v2\/categories?post=116895"},{"taxonomy":"post_tag","embeddable":true,"href":"https:\/\/www.caririemacao.com\/1\/wp-json\/wp\/v2\/tags?post=116895"}],"curies":[{"name":"wp","href":"https:\/\/api.w.org\/{rel}","templated":true}]}}