{"id":116904,"date":"2019-09-16T12:31:11","date_gmt":"2019-09-16T15:31:11","guid":{"rendered":"http:\/\/www.caririemacao.com\/1\/?p=116904"},"modified":"2019-09-16T12:31:11","modified_gmt":"2019-09-16T15:31:11","slug":"joao-azevedo-abre-52a-expofeira-paraiba-agronegocios","status":"publish","type":"post","link":"https:\/\/www.caririemacao.com\/1\/2019\/09\/16\/joao-azevedo-abre-52a-expofeira-paraiba-agronegocios\/","title":{"rendered":"Jo\u00e3o Azev\u00eado abre 52\u00aa Expofeira Para\u00edba Agroneg\u00f3cios"},"content":{"rendered":"\n<p>O governador Jo\u00e3o Azev\u00eado abriu, neste domingo (15), no Parque de Exposi\u00e7\u00e3o Henrique Vieira de Melo, em Jo\u00e3o Pessoa, a 52\u00aa edi\u00e7\u00e3o da Expofeira Para\u00edba Agroneg\u00f3cios 2019. Na ocasi\u00e3o, ele fez a entrega de nove motocultivadores, um investimento de aproximadamente R$ 102 mil, que vai beneficiar produtores de seis munic\u00edpios do territ\u00f3rio da Mata Sul paraibana. A Para\u00edba Agroneg\u00f3cios \u00e9 uma realiza\u00e7\u00e3o do Governo do Estado, por meio da Secretaria de Estado do Desenvolvimento da Agropecu\u00e1ria e da Pesca (Sedap), em parceria com a Federa\u00e7\u00e3o da Agricultura e Pecu\u00e1ria da Para\u00edba (Faepa) e o Servi\u00e7o Nacional de Aprendizagem Rural (Senar).<\/p>\n\n\n\n<p>A expectativa \u00e9 de que pelo menos 100 mil pessoas visitem o evento, que ocorre at\u00e9 o pr\u00f3ximo dia 22, com a exposi\u00e7\u00e3o de tr\u00eas mil animais, entre caprinos, ovinos, bovinos e equinos, atraindo expositores de todo o pa\u00eds. Tamb\u00e9m ser\u00e3o realizados leil\u00f5es nacionais, oficinas, palestras e concurso leiteiro de caprinos.<\/p>\n\n\n\n<p>Na oportunidade, o governador Jo\u00e3o Azev\u00eado destacou a import\u00e2ncia do agroneg\u00f3cio para a gera\u00e7\u00e3o de emprego e renda no estado. \u201cN\u00f3s estamos fortalecendo esse setor em um momento dif\u00edcil da economia do pa\u00eds e uma exposi\u00e7\u00e3o como essa atrai a participa\u00e7\u00e3o de pessoas de v\u00e1rios estados, para conhecer, por exemplo, a gen\u00e9tica do gado trabalhado pela Empaer. Al\u00e9m de promover uma grande festa, tivemos a oportunidade de entregar equipamentos de produ\u00e7\u00e3o para a agricultura familiar; isso \u00e9 pol\u00edtica de inclus\u00e3o e \u00e9 desta forma que a Para\u00edba vai continuar avan\u00e7ando\u201d, assegurou.<\/p>\n\n\n\n<p>O secret\u00e1rio de Estado do Desenvolvimento da Agropecu\u00e1ria e da Pesca, Efraim Morais, destacou a import\u00e2ncia da Feira para fortalecer o agroneg\u00f3cio. \u201cN\u00f3s estamos valorizando os nossos produtores e criadores e, al\u00e9m disso, trazemos a sociedade e a fam\u00edlia paraibana para conhecer o avan\u00e7o do segmento. A Para\u00edba tem um novo caminho no agroneg\u00f3cio e na agropecu\u00e1ria e vamos continuar investindo do pequeno ao grande agricultor e produtor para que possamos crescer cada vez mais\u201d, pontuou.<\/p>\n\n\n\n<p>O presidente da Faepa\/Senar, M\u00e1rio Borba, enalteceu a parceria com o Governo do Estado para a realiza\u00e7\u00e3o do evento. \u201cA Feira vem crescendo a cada edi\u00e7\u00e3o e a nossa expectativa \u00e9 muito grande. Vamos promover cinco leil\u00f5es neste ano e realizar exposi\u00e7\u00f5es de autom\u00f3veis e equipamentos agr\u00edcolas. A agropecu\u00e1ria cresce no Brasil e a Para\u00edba mostra o seu potencial porque tem grandes oportunidades\u201d, declarou.<\/p>\n\n\n\n<p>O presidente da Associa\u00e7\u00e3o dos Criadores de Caprinos e Ovinos (Apacco), Pedro Martins, agradeceu os investimentos da gest\u00e3o estadual voltados para o fortalecimento do setor. \u201cEssa \u00e9 uma grande vitrine que o Governo do Estado nos proporciona, em parceria com o Sebrae e o sistema Faepa\/Senar, e esperamos que essas a\u00e7\u00f5es consolidem o nosso segmento\u201d, ressaltou.<\/p>\n\n\n\n<p>O gerente de Pol\u00edticas P\u00fablicas do Sebrae, Luciano Holanda, afirmou que a Expofeira Para\u00edba Agroneg\u00f3cios \u00e9 uma a\u00e7\u00e3o importante para o desenvolvimento econ\u00f4mico da Para\u00edba. \u201cTemos uma vasta programa\u00e7\u00e3o que ser\u00e1 trabalhada ao longo da semana e quem ganha com essa realiza\u00e7\u00e3o \u00e9 o produtor que, de alguma forma, vem contribuindo para o crescimento do Estado. Esse \u00e9 um evento importante para o nosso desenvolvimento e o Sebrae est\u00e1 junto dessa Feira para acolher as demandas dos empreendedores e dos empres\u00e1rios do segmento rural\u201d, falou.<\/p>\n\n\n\n<p>A dona de casa Jandira de Oliveira fez quest\u00e3o de prestigiar a abertura da Expofeira. \u201cEu acho a exposi\u00e7\u00e3o muito bonita e \u00e9 uma oportunidade que tenho de lembrar das minhas origens, pois nasci em um s\u00edtio na regi\u00e3o de Santa Luzia e, com certeza, virei mais vezes\u201d, comentou.<\/p>\n\n\n\n<p>A abertura da Expofeira Para\u00edba Agroneg\u00f3cios, contou com a presen\u00e7a de um grande p\u00fablico e foi prestigiada pela vice-governadora L\u00edgia Feliciano, deputados federais, deputados estaduais, vereadores e auxiliares do Governo da Para\u00edba.<\/p>\n","protected":false},"excerpt":{"rendered":"<p>O governador Jo\u00e3o Azev\u00eado abriu, neste domingo (15), no Parque de Exposi\u00e7\u00e3o Henrique Vieira de Melo, em Jo\u00e3o Pessoa, a 52\u00aa edi\u00e7\u00e3o da Expofeira Para\u00edba&hellip; <\/p>\n","protected":false},"author":1,"featured_media":116906,"comment_status":"closed","ping_status":"closed","sticky":false,"template":"","format":"standard","meta":{"sfsi_plus_gutenberg_text_before_share":"","sfsi_plus_gutenberg_show_text_before_share":"","sfsi_plus_gutenberg_icon_type":"","sfsi_plus_gutenberg_icon_alignemt":"","sfsi_plus_gutenburg_max_per_row":"","footnotes":""},"categories":[11],"tags":[],"class_list":["post-116904","post","type-post","status-publish","format-standard","has-post-thumbnail","hentry","category-politica"],"_links":{"self":[{"href":"https:\/\/www.caririemacao.com\/1\/wp-json\/wp\/v2\/posts\/116904","targetHints":{"allow":["GET"]}}],"collection":[{"href":"https:\/\/www.caririemacao.com\/1\/wp-json\/wp\/v2\/posts"}],"about":[{"href":"https:\/\/www.caririemacao.com\/1\/wp-json\/wp\/v2\/types\/post"}],"author":[{"embeddable":true,"href":"https:\/\/www.caririemacao.com\/1\/wp-json\/wp\/v2\/users\/1"}],"replies":[{"embeddable":true,"href":"https:\/\/www.caririemacao.com\/1\/wp-json\/wp\/v2\/comments?post=116904"}],"version-history":[{"count":1,"href":"https:\/\/www.caririemacao.com\/1\/wp-json\/wp\/v2\/posts\/116904\/revisions"}],"predecessor-version":[{"id":116907,"href":"https:\/\/www.caririemacao.com\/1\/wp-json\/wp\/v2\/posts\/116904\/revisions\/116907"}],"wp:featuredmedia":[{"embeddable":true,"href":"https:\/\/www.caririemacao.com\/1\/wp-json\/wp\/v2\/media\/116906"}],"wp:attachment":[{"href":"https:\/\/www.caririemacao.com\/1\/wp-json\/wp\/v2\/media?parent=116904"}],"wp:term":[{"taxonomy":"category","embeddable":true,"href":"https:\/\/www.caririemacao.com\/1\/wp-json\/wp\/v2\/categories?post=116904"},{"taxonomy":"post_tag","embeddable":true,"href":"https:\/\/www.caririemacao.com\/1\/wp-json\/wp\/v2\/tags?post=116904"}],"curies":[{"name":"wp","href":"https:\/\/api.w.org\/{rel}","templated":true}]}}