{"id":116912,"date":"2019-09-16T12:34:00","date_gmt":"2019-09-16T15:34:00","guid":{"rendered":"http:\/\/www.caririemacao.com\/1\/?p=116912"},"modified":"2019-09-16T12:34:00","modified_gmt":"2019-09-16T15:34:00","slug":"prefeito-de-amparo-esteve-presente-na-cerimonia-de-assinatura-para-ordem-de-servico-de-asfalto-que-liga-juazeirinho-a-santo-andre","status":"publish","type":"post","link":"https:\/\/www.caririemacao.com\/1\/2019\/09\/16\/prefeito-de-amparo-esteve-presente-na-cerimonia-de-assinatura-para-ordem-de-servico-de-asfalto-que-liga-juazeirinho-a-santo-andre\/","title":{"rendered":"Prefeito de Amparo esteve presente na cerim\u00f4nia de assinatura para ordem de servi\u00e7o de asfalto que liga Juazeirinho a Santo Andr\u00e9"},"content":{"rendered":"\n<p>O Prefeito In\u00e1cio N\u00f3brega participou da comitiva de prefeitos que acompanharam a assinatura da ordem de servi\u00e7o dada pelo governador Jo\u00e3o Azevedo na tarde desta sexta-feira (13), para asfaltar a PB que liga o munic\u00edpio de Santo Andr\u00e9 a Juazeirinho.<\/p>\n\n\n\n<p>Na oportunidade o prefeito fez a entrega de alguns pleitos do munic\u00edpio de Amparo ao governador Jo\u00e3o Azevedo, os quais merecem destaque, o patrolamento da PB-248 que liga Amparo\/Sum\u00e9 e uma audi\u00eancia p\u00fablica com o Secret\u00e1rio de Seguran\u00e7a P\u00fablica do Estado Dr\u00ba Jean Francisco Bezerra Nunes.<\/p>\n\n\n\n<p>O prefeito In\u00e1cio em di\u00e1logo com o secret\u00e1rio Dr. Jean, foi enf\u00e1tico ao afirmar que a popula\u00e7\u00e3o de Amparo clama por uma resposta do governo do Estado nesse tocante, e pede a devida aten\u00e7\u00e3o na PB que liga Amparo\/Ouro Velho.Na oportunidade estiveram acompanhando o prefeito In\u00e1cio N\u00f3brega, os vereadores C\u00edcero Maciel e Duda Barnab\u00e9, al\u00e9m da chefe de gabinete Josenice Silva, o ex-vereador Luciano Gordo e o empres\u00e1rio T\u00e1rcio Gabriel.<\/p>\n\n\n\n<p>No in\u00edcio da semana, o prefeito tem agenda na Capital Federal, onde ir\u00e1 percorrer os diversos minist\u00e9rios no sentido de pleitear recursos para o munic\u00edpio.<\/p>\n\n\n\n<p>Com Ascom<\/p>\n","protected":false},"excerpt":{"rendered":"<p>O Prefeito In\u00e1cio N\u00f3brega participou da comitiva de prefeitos que acompanharam a assinatura da ordem de servi\u00e7o dada pelo governador Jo\u00e3o Azevedo na tarde desta&hellip; <\/p>\n","protected":false},"author":1,"featured_media":92198,"comment_status":"closed","ping_status":"closed","sticky":false,"template":"","format":"standard","meta":{"sfsi_plus_gutenberg_text_before_share":"","sfsi_plus_gutenberg_show_text_before_share":"","sfsi_plus_gutenberg_icon_type":"","sfsi_plus_gutenberg_icon_alignemt":"","sfsi_plus_gutenburg_max_per_row":"","footnotes":""},"categories":[6],"tags":[],"class_list":["post-116912","post","type-post","status-publish","format-standard","has-post-thumbnail","hentry","category-cidades"],"_links":{"self":[{"href":"https:\/\/www.caririemacao.com\/1\/wp-json\/wp\/v2\/posts\/116912","targetHints":{"allow":["GET"]}}],"collection":[{"href":"https:\/\/www.caririemacao.com\/1\/wp-json\/wp\/v2\/posts"}],"about":[{"href":"https:\/\/www.caririemacao.com\/1\/wp-json\/wp\/v2\/types\/post"}],"author":[{"embeddable":true,"href":"https:\/\/www.caririemacao.com\/1\/wp-json\/wp\/v2\/users\/1"}],"replies":[{"embeddable":true,"href":"https:\/\/www.caririemacao.com\/1\/wp-json\/wp\/v2\/comments?post=116912"}],"version-history":[{"count":1,"href":"https:\/\/www.caririemacao.com\/1\/wp-json\/wp\/v2\/posts\/116912\/revisions"}],"predecessor-version":[{"id":116914,"href":"https:\/\/www.caririemacao.com\/1\/wp-json\/wp\/v2\/posts\/116912\/revisions\/116914"}],"wp:featuredmedia":[{"embeddable":true,"href":"https:\/\/www.caririemacao.com\/1\/wp-json\/wp\/v2\/media\/92198"}],"wp:attachment":[{"href":"https:\/\/www.caririemacao.com\/1\/wp-json\/wp\/v2\/media?parent=116912"}],"wp:term":[{"taxonomy":"category","embeddable":true,"href":"https:\/\/www.caririemacao.com\/1\/wp-json\/wp\/v2\/categories?post=116912"},{"taxonomy":"post_tag","embeddable":true,"href":"https:\/\/www.caririemacao.com\/1\/wp-json\/wp\/v2\/tags?post=116912"}],"curies":[{"name":"wp","href":"https:\/\/api.w.org\/{rel}","templated":true}]}}