{"id":116919,"date":"2019-09-16T12:38:25","date_gmt":"2019-09-16T15:38:25","guid":{"rendered":"http:\/\/www.caririemacao.com\/1\/?p=116919"},"modified":"2019-09-16T12:38:25","modified_gmt":"2019-09-16T15:38:25","slug":"multas-podem-ser-parceladas-no-cartao-de-credito-a-partir-desta-segunda","status":"publish","type":"post","link":"https:\/\/www.caririemacao.com\/1\/2019\/09\/16\/multas-podem-ser-parceladas-no-cartao-de-credito-a-partir-desta-segunda\/","title":{"rendered":"Multas podem ser parceladas no cart\u00e3o de cr\u00e9dito a partir desta segunda"},"content":{"rendered":"\n<p>A Superintend\u00eancia Executiva de Mobilidade Urbana (Semob-JP) vai iniciar, nesta segunda-feira (16), o recebimento do pagamento de forma parcelada das multas por meio de empresas de cart\u00e3o de cr\u00e9dito, credenciadas pelo \u00f3rg\u00e3o de tr\u00e2nsito. O objetivo \u00e9 facilitar ao usu\u00e1rio o pagamento dos d\u00e9bitos. O pagamento poder\u00e1 ser dividido em at\u00e9 12 vezes, atrav\u00e9s das empresas cadastradas junto ao Departamento Nacional de Tr\u00e2nsito (Denatran).<\/p>\n\n\n\n<p>Segundo o superintendente adjunto, Wallace Massini, o parcelamento n\u00e3o ficar\u00e1 restrito a apenas uma multa. O solicitante poder\u00e1 dividir mais de uma infra\u00e7\u00e3o qualquer debito junto \u00e0 Semob-JP vinculada ao ve\u00edculo. Ao parcelar as infra\u00e7\u00f5es, o condutor fica liberado de pend\u00eancias como a do licenciamento do ve\u00edculo. \u201cNo ano passado n\u00f3s solicitamos junto ao departamento nacional a autoriza\u00e7\u00e3o para que esse servi\u00e7o fosse realizado pela Semob para que os usu\u00e1rios pudessem ter esse beneficio j\u00e1 que era uma reinvindica\u00e7\u00e3o antiga\u201d, disse o gestor.<\/p>\n\n\n\n<p>Em julho de 2018, o Denatran publicou no Di\u00e1rio Oficial da Uni\u00e3o (DOU), a Portaria n\u00ba149\/18, em complemento \u00e0 Resolu\u00e7\u00e3o do Conselho Nacional de Tr\u00e2nsito (Contran) de n\u00ba736\/18, que estabelece e normatiza os procedimentos para a arrecada\u00e7\u00e3o das multas e demais d\u00e9bitos relacionados a ve\u00edculos e o repasse dos valores arrecadados, para dispor sobre o pagamento parcelado por meio de cart\u00e3o de cr\u00e9dito credenciado.<\/p>\n\n\n\n<p>Os usu\u00e1rios poder\u00e3o fazer seus pagamentos parcelados na sede da Semob-JP, que fica localizada na BR-230, km 25 no Cristo Redentor ou na Casa da Cidadania, no Mana\u00edra Shopping. Telefones: 0800 281 1518 ou 32189330\/9336.<br>Por Secom-JP<\/p>\n","protected":false},"excerpt":{"rendered":"<p>A Superintend\u00eancia Executiva de Mobilidade Urbana (Semob-JP) vai iniciar, nesta segunda-feira (16), o recebimento do pagamento de forma parcelada das multas por meio de empresas&hellip; <\/p>\n","protected":false},"author":1,"featured_media":116921,"comment_status":"closed","ping_status":"closed","sticky":false,"template":"","format":"standard","meta":{"sfsi_plus_gutenberg_text_before_share":"","sfsi_plus_gutenberg_show_text_before_share":"","sfsi_plus_gutenberg_icon_type":"","sfsi_plus_gutenberg_icon_alignemt":"","sfsi_plus_gutenburg_max_per_row":"","footnotes":""},"categories":[6,50],"tags":[],"class_list":["post-116919","post","type-post","status-publish","format-standard","has-post-thumbnail","hentry","category-cidades","category-destaque"],"_links":{"self":[{"href":"https:\/\/www.caririemacao.com\/1\/wp-json\/wp\/v2\/posts\/116919","targetHints":{"allow":["GET"]}}],"collection":[{"href":"https:\/\/www.caririemacao.com\/1\/wp-json\/wp\/v2\/posts"}],"about":[{"href":"https:\/\/www.caririemacao.com\/1\/wp-json\/wp\/v2\/types\/post"}],"author":[{"embeddable":true,"href":"https:\/\/www.caririemacao.com\/1\/wp-json\/wp\/v2\/users\/1"}],"replies":[{"embeddable":true,"href":"https:\/\/www.caririemacao.com\/1\/wp-json\/wp\/v2\/comments?post=116919"}],"version-history":[{"count":1,"href":"https:\/\/www.caririemacao.com\/1\/wp-json\/wp\/v2\/posts\/116919\/revisions"}],"predecessor-version":[{"id":116922,"href":"https:\/\/www.caririemacao.com\/1\/wp-json\/wp\/v2\/posts\/116919\/revisions\/116922"}],"wp:featuredmedia":[{"embeddable":true,"href":"https:\/\/www.caririemacao.com\/1\/wp-json\/wp\/v2\/media\/116921"}],"wp:attachment":[{"href":"https:\/\/www.caririemacao.com\/1\/wp-json\/wp\/v2\/media?parent=116919"}],"wp:term":[{"taxonomy":"category","embeddable":true,"href":"https:\/\/www.caririemacao.com\/1\/wp-json\/wp\/v2\/categories?post=116919"},{"taxonomy":"post_tag","embeddable":true,"href":"https:\/\/www.caririemacao.com\/1\/wp-json\/wp\/v2\/tags?post=116919"}],"curies":[{"name":"wp","href":"https:\/\/api.w.org\/{rel}","templated":true}]}}