{"id":116924,"date":"2019-09-16T12:52:46","date_gmt":"2019-09-16T15:52:46","guid":{"rendered":"http:\/\/www.caririemacao.com\/1\/?p=116924"},"modified":"2019-09-16T12:52:46","modified_gmt":"2019-09-16T15:52:46","slug":"homem-e-condenado-a-mais-de-seis-anos-de-prisao-por-trafico-e-falsa-identidade-na-paraiba","status":"publish","type":"post","link":"https:\/\/www.caririemacao.com\/1\/2019\/09\/16\/homem-e-condenado-a-mais-de-seis-anos-de-prisao-por-trafico-e-falsa-identidade-na-paraiba\/","title":{"rendered":"Homem \u00e9 condenado a mais de seis anos de pris\u00e3o por tr\u00e1fico e falsa identidade na Para\u00edba"},"content":{"rendered":"\n<p>A&nbsp;5\u00aa Vara Mista da Comarca de Santa Rita condenou&nbsp;Edilson Gomes Baia, a&nbsp;uma pena de seis anos e oito meses de reclus\u00e3o e de um ano e tr\u00eas meses de deten\u00e7\u00e3o e 676 dias-multa, em regime semiaberto, pelos crimes de tr\u00e1fico de drogas,&nbsp;posse ilegal de arma de fogo, e&nbsp;falsa identidade. A senten\u00e7a foi prolatada&nbsp;pela ju\u00edza Anna Carla Falc\u00e3o.<\/p>\n\n\n\n<p>De acordo com o que consta na den\u00fancia do Minist\u00e9rio P\u00fablico estadual, no dia cinco de fevereiro de 2019, em uma resid\u00eancia localizada na Rua Projetada, Condom\u00ednio Vale das Hort\u00eansias, n\u00ba 151, Bairro Jardim Planalto, em Santa Rita, policiais militares receberam&nbsp; uma informa\u00e7\u00e3o sobre a exist\u00eancia de drogas na casa do denunciado Edilson Gomes Baia, conhecido por \u201cGordo\u201d, momento em que compareceram ao local e encontraram dois tabletes da droga \u201cmaconha\u201d, uma pedra e v\u00e1rios papelotes contendo a droga \u201ccrack\u201d, uma balan\u00e7a de precis\u00e3o, cor cinza, marca Tomate, uma arma de fogo, tipo espingarda, sem numera\u00e7\u00e3o, modelo Winchester, calibre 44, sem autoriza\u00e7\u00e3o e em desacordo com determina\u00e7\u00e3o legal ou regulamentar, ocasi\u00e3o em que foi preso em flagrante.&nbsp;<\/p>\n\n\n\n<p>Perante a autoridade policial, o acusado teria se apresentado como sendo Josinaldo Gomes Baia, tudo para obter proveito pr\u00f3prio, com o intuito de ocultar seus antecedentes e prejudicar terceiro cujo nome foi utilizado.<br><\/p>\n\n\n\n<p>Ao ser interrogado em Ju\u00edzo, o r\u00e9u negou a acusa\u00e7\u00e3o de tr\u00e1fico il\u00edcito de entorpecentes, confessando, apenas, a propriedade da arma apreendida. Disse que a droga encontrada na sua resid\u00eancia n\u00e3o era sua, nem tinha conhecimento acerca da exist\u00eancia da mesma. No entanto, a ju\u00edza observou que a vers\u00e3o apresentada pela defesa n\u00e3o merece cr\u00e9dito, tendo em vista os depoimentos das testemunhas ouvidas e levando em considera\u00e7\u00e3o o fato de n\u00e3o haver trazido aos autos sequer um escrito que desconstitu\u00edsse a certeza de que o mesmo \u00e9 traficante de drogas.<\/p>\n\n\n\n<p>A magistrada decidiu manter a pris\u00e3o preventiva do acusado, uma vez que permaneceu preso desde o in\u00edcio da instru\u00e7\u00e3o criminal, sendo contradit\u00f3ria a libera\u00e7\u00e3o ap\u00f3s o desfecho da demanda com uma senten\u00e7a condenat\u00f3ria. \u201cDestarte, a orienta\u00e7\u00e3o pacificada do Superior Tribunal de Justi\u00e7a \u00e9 no sentido de que n\u00e3o h\u00e1 l\u00f3gica em deferir ao condenado o direito de recorrer solto quando permaneceu preso durante a persecu\u00e7\u00e3o criminal, se persistem os motivos para a segrega\u00e7\u00e3o preventiva (RHC 67.218\/MG). \u00c9 o caso dos autos\u201d, ressaltou.<\/p>\n\n\n\n<p>Cabe recurso da decis\u00e3o.<\/p>\n","protected":false},"excerpt":{"rendered":"<p>A&nbsp;5\u00aa Vara Mista da Comarca de Santa Rita condenou&nbsp;Edilson Gomes Baia, a&nbsp;uma pena de seis anos e oito meses de reclus\u00e3o e de um ano&hellip; <\/p>\n","protected":false},"author":1,"featured_media":80559,"comment_status":"closed","ping_status":"closed","sticky":false,"template":"","format":"standard","meta":{"sfsi_plus_gutenberg_text_before_share":"","sfsi_plus_gutenberg_show_text_before_share":"","sfsi_plus_gutenberg_icon_type":"","sfsi_plus_gutenberg_icon_alignemt":"","sfsi_plus_gutenburg_max_per_row":"","footnotes":""},"categories":[12],"tags":[],"class_list":["post-116924","post","type-post","status-publish","format-standard","has-post-thumbnail","hentry","category-policia"],"_links":{"self":[{"href":"https:\/\/www.caririemacao.com\/1\/wp-json\/wp\/v2\/posts\/116924","targetHints":{"allow":["GET"]}}],"collection":[{"href":"https:\/\/www.caririemacao.com\/1\/wp-json\/wp\/v2\/posts"}],"about":[{"href":"https:\/\/www.caririemacao.com\/1\/wp-json\/wp\/v2\/types\/post"}],"author":[{"embeddable":true,"href":"https:\/\/www.caririemacao.com\/1\/wp-json\/wp\/v2\/users\/1"}],"replies":[{"embeddable":true,"href":"https:\/\/www.caririemacao.com\/1\/wp-json\/wp\/v2\/comments?post=116924"}],"version-history":[{"count":1,"href":"https:\/\/www.caririemacao.com\/1\/wp-json\/wp\/v2\/posts\/116924\/revisions"}],"predecessor-version":[{"id":116927,"href":"https:\/\/www.caririemacao.com\/1\/wp-json\/wp\/v2\/posts\/116924\/revisions\/116927"}],"wp:featuredmedia":[{"embeddable":true,"href":"https:\/\/www.caririemacao.com\/1\/wp-json\/wp\/v2\/media\/80559"}],"wp:attachment":[{"href":"https:\/\/www.caririemacao.com\/1\/wp-json\/wp\/v2\/media?parent=116924"}],"wp:term":[{"taxonomy":"category","embeddable":true,"href":"https:\/\/www.caririemacao.com\/1\/wp-json\/wp\/v2\/categories?post=116924"},{"taxonomy":"post_tag","embeddable":true,"href":"https:\/\/www.caririemacao.com\/1\/wp-json\/wp\/v2\/tags?post=116924"}],"curies":[{"name":"wp","href":"https:\/\/api.w.org\/{rel}","templated":true}]}}