{"id":116932,"date":"2019-09-16T12:57:54","date_gmt":"2019-09-16T15:57:54","guid":{"rendered":"http:\/\/www.caririemacao.com\/1\/?p=116932"},"modified":"2019-09-16T13:01:29","modified_gmt":"2019-09-16T16:01:29","slug":"conheca-a-doenca-que-causa-esgotamento-profissional-e-e-confundida-com-depressao","status":"publish","type":"post","link":"https:\/\/www.caririemacao.com\/1\/2019\/09\/16\/conheca-a-doenca-que-causa-esgotamento-profissional-e-e-confundida-com-depressao\/","title":{"rendered":"Conhe\u00e7a a doen\u00e7a que causa esgotamento profissional e \u00e9 confundida com depress\u00e3o"},"content":{"rendered":"\n<p><br>Muitas vezes confundida com estafa, ou at\u00e9 mesmo depress\u00e3o, a s\u00edndrome de Burnout est\u00e1 relacionada ao esgotamento profissional e foi descoberta pelo m\u00e9dico americano Freudenberger, em 1974. A s\u00edndrome \u00e9 caracterizada por tens\u00f5es emocionais e estresses provocados por condi\u00e7\u00f5es de trabalho desgastantes.<\/p>\n\n\n\n<p>Em entrevista concedida \u00e0 R\u00e1dio Correio FM, nesta segunda-feira, 16, a psic\u00f3loga Joseilma Ramalho abordou sobre o assunto, explicou que a s\u00edndrome apresenta quadros de esgotamento f\u00edsico, psicol\u00f3gico e emocional e alertou sobre a import\u00e2ncia do tema.<\/p>\n\n\n\n<figure class=\"wp-block-image\"><img decoding=\"async\" data-src=\"https:\/\/paraibaonline.com.br\/wp-content\/uploads\/2019\/09\/sindrome-burnaout1609.jpg\" alt=\"Foto ilustrativa: Reprodu\u00e7\u00e3o\" class=\"wp-image-806766 lazyload\" src=\"data:image\/svg+xml;base64,PHN2ZyB3aWR0aD0iMSIgaGVpZ2h0PSIxIiB4bWxucz0iaHR0cDovL3d3dy53My5vcmcvMjAwMC9zdmciPjwvc3ZnPg==\" \/><\/figure>\n\n\n\n<p>Foto ilustrativa: Reprodu\u00e7\u00e3o<\/p>\n\n\n\n<p>\u2013 \u00c9 uma s\u00edndrome, porque apresenta uma demanda de sintomas tamanha que se o profissional que for atender a pessoa que est\u00e1 acometida pela s\u00edndrome, a priori, pode colocar dentro de um contexto de depress\u00e3o. Mas \u00e9 preciso analisar todo o contexto para n\u00e3o fazer um diagn\u00f3stico err\u00f4neo de depress\u00e3o \u2013 ressaltou.<\/p>\n\n\n\n<p>O transtorno est\u00e1 registrado no CID (Classifica\u00e7\u00e3o Estat\u00edstica Internacional de Doen\u00e7as e Problemas Relacionados \u00e0 Sa\u00fade) como um dos fatores que influenciam a sa\u00fade ou o contato com servi\u00e7os de sa\u00fade.<\/p>\n\n\n\n<p>A psic\u00f3loga ainda falou sobre os segmentos profissionais que mais apresentam casos da s\u00edndrome.<\/p>\n\n\n\n<p>\u2013 A nossa contemporaneidade exige muito de n\u00f3s, temos o celular, o notebook, compromissos, e isso j\u00e1 \u00e9 desgastante. Mas, existem profiss\u00f5es que desgastam o ser humano por si pr\u00f3prio, como \u00e9 o caso do policial, do bombeiro, que vivem em estado de tens\u00e3o e adrenalina. Na cataloga\u00e7\u00e3o das profiss\u00f5es, tem o professor, pois, h\u00e1 uma demanda de professores que pedem licen\u00e7a por causa da s\u00edndrome \u2013 explicou.<\/p>\n","protected":false},"excerpt":{"rendered":"<p>Muitas vezes confundida com estafa, ou at\u00e9 mesmo depress\u00e3o, a s\u00edndrome de Burnout est\u00e1 relacionada ao esgotamento profissional e foi descoberta pelo m\u00e9dico americano Freudenberger,&hellip; <\/p>\n","protected":false},"author":1,"featured_media":116948,"comment_status":"closed","ping_status":"closed","sticky":false,"template":"","format":"standard","meta":{"sfsi_plus_gutenberg_text_before_share":"","sfsi_plus_gutenberg_show_text_before_share":"","sfsi_plus_gutenberg_icon_type":"","sfsi_plus_gutenberg_icon_alignemt":"","sfsi_plus_gutenburg_max_per_row":"","footnotes":""},"categories":[50,16],"tags":[],"class_list":["post-116932","post","type-post","status-publish","format-standard","has-post-thumbnail","hentry","category-destaque","category-saude"],"_links":{"self":[{"href":"https:\/\/www.caririemacao.com\/1\/wp-json\/wp\/v2\/posts\/116932","targetHints":{"allow":["GET"]}}],"collection":[{"href":"https:\/\/www.caririemacao.com\/1\/wp-json\/wp\/v2\/posts"}],"about":[{"href":"https:\/\/www.caririemacao.com\/1\/wp-json\/wp\/v2\/types\/post"}],"author":[{"embeddable":true,"href":"https:\/\/www.caririemacao.com\/1\/wp-json\/wp\/v2\/users\/1"}],"replies":[{"embeddable":true,"href":"https:\/\/www.caririemacao.com\/1\/wp-json\/wp\/v2\/comments?post=116932"}],"version-history":[{"count":1,"href":"https:\/\/www.caririemacao.com\/1\/wp-json\/wp\/v2\/posts\/116932\/revisions"}],"predecessor-version":[{"id":116934,"href":"https:\/\/www.caririemacao.com\/1\/wp-json\/wp\/v2\/posts\/116932\/revisions\/116934"}],"wp:featuredmedia":[{"embeddable":true,"href":"https:\/\/www.caririemacao.com\/1\/wp-json\/wp\/v2\/media\/116948"}],"wp:attachment":[{"href":"https:\/\/www.caririemacao.com\/1\/wp-json\/wp\/v2\/media?parent=116932"}],"wp:term":[{"taxonomy":"category","embeddable":true,"href":"https:\/\/www.caririemacao.com\/1\/wp-json\/wp\/v2\/categories?post=116932"},{"taxonomy":"post_tag","embeddable":true,"href":"https:\/\/www.caririemacao.com\/1\/wp-json\/wp\/v2\/tags?post=116932"}],"curies":[{"name":"wp","href":"https:\/\/api.w.org\/{rel}","templated":true}]}}