{"id":116939,"date":"2019-09-16T13:00:12","date_gmt":"2019-09-16T16:00:12","guid":{"rendered":"http:\/\/www.caririemacao.com\/1\/?p=116939"},"modified":"2019-09-16T13:00:12","modified_gmt":"2019-09-16T16:00:12","slug":"um-terco-dos-candidatos-faltam-as-provas-do-concurso-da-ufcg","status":"publish","type":"post","link":"https:\/\/www.caririemacao.com\/1\/2019\/09\/16\/um-terco-dos-candidatos-faltam-as-provas-do-concurso-da-ufcg\/","title":{"rendered":"Um ter\u00e7o dos candidatos faltam \u00e0s provas do concurso da UFCG"},"content":{"rendered":"\n<p><br>Quase 9 mil candidatos faltaram \u00e0s provas do concurso p\u00fablico para sele\u00e7\u00e3o de servidores t\u00e9cnico-administrativos, realizado pela Universidade Federal de Campina Grande (UFCG) neste domingo, dia 15.<\/p>\n\n\n\n<p>Dos 26.340 candidatos inscritos, 8.832 (cerca de 33%) n\u00e3o compareceram aos locais de provas, distribu\u00eddos nas cidades de Campina Grande, Cajazeiras e Patos. O maior n\u00famero de faltosos foi para o cargo de Assistente em Administra\u00e7\u00e3o: 4.812 (cerca de 55% do total de faltosos e 29% dos 16.945 inscritos).<\/p>\n\n\n\n<p>Das 86 vagas disponibilizadas, 67 s\u00e3o para ampla concorr\u00eancia, 12 s\u00e3o para negros e 7 para pessoas com defici\u00eancia (cotas). S\u00e3o 36 cargos de n\u00edveis M\u00e9dio, T\u00e9cnico e Superior, com vencimentos b\u00e1sicos que variam de R$ 1.945,07 a R$ 4.180,66, mais Aux\u00edlio Alimenta\u00e7\u00e3o (R$ 480)<\/p>\n\n\n\n<figure class=\"wp-block-image\"><img decoding=\"async\" data-src=\"https:\/\/paraibaonline.com.br\/wp-content\/uploads\/2019\/08\/concurso.jpg\" alt=\"\" class=\"wp-image-759301 lazyload\" src=\"data:image\/svg+xml;base64,PHN2ZyB3aWR0aD0iMSIgaGVpZ2h0PSIxIiB4bWxucz0iaHR0cDovL3d3dy53My5vcmcvMjAwMC9zdmciPjwvc3ZnPg==\" \/><\/figure>\n\n\n\n<p>Foto: Reprodu\u00e7\u00e3o<\/p>\n\n\n\n<p>Os aprovados poder\u00e3o ser nomeados para investidura no cargo em qualquer um dos sete campi da institui\u00e7\u00e3o, localizados nas cidades de Campina Grande, Cajazeiras, Cuit\u00e9, Patos, Pombal, Sousa e Sum\u00e9.<\/p>\n\n\n\n<p><strong>Cronograma<\/strong><\/p>\n\n\n\n<p>O gabarito provis\u00f3rio deve ser publicado na pr\u00f3xima quarta-feira, dia 18, sendo o prazo para recursos da prova escrita os dias 19 e 20.<\/p>\n\n\n\n<p>A divulga\u00e7\u00e3o do gabarito oficial e do resultado final da prova escrita objetiva acontece no dia 16 outubro.<\/p>\n\n\n\n<p>No dia 25 de outubro haver\u00e1 a convoca\u00e7\u00e3o e divulga\u00e7\u00e3o do local, datas e hor\u00e1rios onde os candidatos, para os cargos que n\u00e3o t\u00eam Prova Pr\u00e1tica, autodeclarados negros, realizar\u00e3o o procedimento de heteroidentifica\u00e7\u00e3o, em que ser\u00e3o confirmadas as informa\u00e7\u00f5es sobre a cor da pele declarada.<\/p>\n\n\n\n<p>De 30 a 31 de outubro, acontece a realiza\u00e7\u00e3o do procedimento de heteroidentifica\u00e7\u00e3o para os candidatos cujos cargos n\u00e3o t\u00eam Prova Pr\u00e1tica.<\/p>\n\n\n\n<p>A divulga\u00e7\u00e3o do resultado final para os cargos sem prova pr\u00e1tica est\u00e1 marcada para o dia 22 de novembro.<\/p>\n\n\n\n<p><strong>Provas pr\u00e1ticas<\/strong><\/p>\n\n\n\n<p>De 30 a 31 de novembro, ser\u00e3o realizadas as prova pr\u00e1ticas para os cargos de Tradutor e Int\u00e9rprete de Linguagem de Sinais e de Revisor de Textos Braille.<\/p>\n\n\n\n<p>Para o cargo de T\u00e9cnico em M\u00fasica-Viola, a prova pr\u00e1tica ser\u00e1 realizada em duas etapas: na primeira, o candidato dever\u00e1 gravar e enviar\/entregar, entre os dias 21 e 23 de outubro, a execu\u00e7\u00e3o da pe\u00e7a de confronto, que servir\u00e1 para a Banca Examinadora avaliar a performance do candidato. A execu\u00e7\u00e3o dever\u00e1 ser gravada com o som e a imagem do candidato. A segunda etapa da prova pr\u00e1tica ser\u00e1 presencial, nos dias 12 e 13 de novembro.<\/p>\n\n\n\n<p>O resultado final para os cargos com Prova Pr\u00e1tica sair\u00e1 no dia 20 de dezembro.<\/p>\n","protected":false},"excerpt":{"rendered":"<p>Quase 9 mil candidatos faltaram \u00e0s provas do concurso p\u00fablico para sele\u00e7\u00e3o de servidores t\u00e9cnico-administrativos, realizado pela Universidade Federal de Campina Grande (UFCG) neste domingo,&hellip; <\/p>\n","protected":false},"author":1,"featured_media":103353,"comment_status":"closed","ping_status":"closed","sticky":false,"template":"","format":"standard","meta":{"sfsi_plus_gutenberg_text_before_share":"","sfsi_plus_gutenberg_show_text_before_share":"","sfsi_plus_gutenberg_icon_type":"","sfsi_plus_gutenberg_icon_alignemt":"","sfsi_plus_gutenburg_max_per_row":"","footnotes":""},"categories":[2],"tags":[],"class_list":["post-116939","post","type-post","status-publish","format-standard","has-post-thumbnail","hentry","category-geral"],"_links":{"self":[{"href":"https:\/\/www.caririemacao.com\/1\/wp-json\/wp\/v2\/posts\/116939","targetHints":{"allow":["GET"]}}],"collection":[{"href":"https:\/\/www.caririemacao.com\/1\/wp-json\/wp\/v2\/posts"}],"about":[{"href":"https:\/\/www.caririemacao.com\/1\/wp-json\/wp\/v2\/types\/post"}],"author":[{"embeddable":true,"href":"https:\/\/www.caririemacao.com\/1\/wp-json\/wp\/v2\/users\/1"}],"replies":[{"embeddable":true,"href":"https:\/\/www.caririemacao.com\/1\/wp-json\/wp\/v2\/comments?post=116939"}],"version-history":[{"count":1,"href":"https:\/\/www.caririemacao.com\/1\/wp-json\/wp\/v2\/posts\/116939\/revisions"}],"predecessor-version":[{"id":116943,"href":"https:\/\/www.caririemacao.com\/1\/wp-json\/wp\/v2\/posts\/116939\/revisions\/116943"}],"wp:featuredmedia":[{"embeddable":true,"href":"https:\/\/www.caririemacao.com\/1\/wp-json\/wp\/v2\/media\/103353"}],"wp:attachment":[{"href":"https:\/\/www.caririemacao.com\/1\/wp-json\/wp\/v2\/media?parent=116939"}],"wp:term":[{"taxonomy":"category","embeddable":true,"href":"https:\/\/www.caririemacao.com\/1\/wp-json\/wp\/v2\/categories?post=116939"},{"taxonomy":"post_tag","embeddable":true,"href":"https:\/\/www.caririemacao.com\/1\/wp-json\/wp\/v2\/tags?post=116939"}],"curies":[{"name":"wp","href":"https:\/\/api.w.org\/{rel}","templated":true}]}}