{"id":116951,"date":"2019-09-16T13:04:28","date_gmt":"2019-09-16T16:04:28","guid":{"rendered":"http:\/\/www.caririemacao.com\/1\/?p=116951"},"modified":"2019-09-16T13:04:28","modified_gmt":"2019-09-16T16:04:28","slug":"governador-esbraveja-e-ironiza-declaracoes-de-ricardo-coutinho","status":"publish","type":"post","link":"https:\/\/www.caririemacao.com\/1\/2019\/09\/16\/governador-esbraveja-e-ironiza-declaracoes-de-ricardo-coutinho\/","title":{"rendered":"Governador esbraveja e ironiza declara\u00e7\u00f5es de Ricardo Coutinho"},"content":{"rendered":"\n<p><br>Em entrevista concedida \u00e0 imprensa nesse domingo (16), o governador Jo\u00e3o Azev\u00eado (PSB) se eximiu da acusa\u00e7\u00e3o de Ricardo Coutinho de n\u00e3o t\u00ea-lo deixado disputar uma vaga no Senado Federal nessas \u00faltimas elei\u00e7\u00f5es, sob a alega\u00e7\u00e3o de que ele era a for\u00e7a maior para eleg\u00ea-lo sucessor, como acabou acontecendo.<\/p>\n\n\n\n<p>\u201cEsse pecado eu n\u00e3o levo comigo. Quem \u00e9 do governo sabe muito bem a quantidade de vezes que eu disse claramente, que ele deveria ser candidato. Se hoje, ele est\u00e1 dizendo isso, eu confesso n\u00e3o entender os motivos\u201d, disse.<\/p>\n\n\n\n<figure class=\"wp-block-image\"><img decoding=\"async\" data-src=\"https:\/\/paraibaonline.com.br\/wp-content\/uploads\/2019\/09\/azevedo1609.jpg\" alt=\"Foto: Paraibaonline\" class=\"wp-image-806775 lazyload\" src=\"data:image\/svg+xml;base64,PHN2ZyB3aWR0aD0iMSIgaGVpZ2h0PSIxIiB4bWxucz0iaHR0cDovL3d3dy53My5vcmcvMjAwMC9zdmciPjwvc3ZnPg==\" \/><\/figure>\n\n\n\n<p>Foto: Paraibaonline<\/p>\n\n\n\n<p>Conforme o governador, o importante \u00e9 que v\u00e1rios secret\u00e1rios que participaram do processo eleitoral conhecem bem essa hist\u00f3ria de que ele dizia para Ricardo Coutinho disputar uma vaga no Senado Federal.<\/p>\n\n\n\n<p>\u201cAt\u00e9 porque eu achava e fazia a avalia\u00e7\u00e3o que eu e ele no meio do mundo, rodando esse Estado poderia ser at\u00e9 mais f\u00e1cil para uma vit\u00f3ria, mas n\u00e3o aconteceu. Ele decidiu n\u00e3o disputar e os motivos, ele, evidentemente, \u00e9 quem deve explicar\u201d, destacou.<\/p>\n\n\n\n<p>A entrevista foi por ocasi\u00e3o da abertura da 52\u00aa edi\u00e7\u00e3o da Expofeira Para\u00edba Agroneg\u00f3cio no in\u00edcio da noite desse domingo (15), no Parque de Exposi\u00e7\u00e3o Henrique Vieira de Melo, em Jo\u00e3o Pessoa, onde o governador esteve acompanhando de diversas lideran\u00e7as pol\u00edticas, entre eles o deputado federal Efraim Filho e Efraim Morais, ambos do Partido dos Democratas.<\/p>\n\n\n\n<p>Ainda durante a entrevista, o governador externou novamente a sua decep\u00e7\u00e3o em rela\u00e7\u00e3o ao que tudo aconteceu e\u00a0vem acontecendo com a crise no PSB, com a destitui\u00e7\u00e3o do presidente do partido, Edvaldo Rosas, e o golpe que foi dado nos militantes.<\/p>\n\n\n\n<p>\u201cAlgu\u00e9m de bom senso imagina que foi pelo fato de eu ter nomeado Edvaldo Rosas secret\u00e1rio, que gerou essa crise? Venhamos e convenhamos. Se algu\u00e9m realmente acredita nisso, acredita em Papai Noel\u201d, ironizou.<\/p>\n\n\n\n<p>Para ele, as coisas de partidos se resolvem dentro do partido, e quem criou o problema que o resolva dentro do partido, e quem efetivamente provocou uma a\u00e7\u00e3o antidemocr\u00e1tica dentro do PSB e que deu um golpe, que explique a popula\u00e7\u00e3o por que que fez isso, esbravejou Jo\u00e3o Azev\u00eado.<\/p>\n","protected":false},"excerpt":{"rendered":"<p>Em entrevista concedida \u00e0 imprensa nesse domingo (16), o governador Jo\u00e3o Azev\u00eado (PSB) se eximiu da acusa\u00e7\u00e3o de Ricardo Coutinho de n\u00e3o t\u00ea-lo deixado disputar&hellip; <\/p>\n","protected":false},"author":1,"featured_media":109956,"comment_status":"closed","ping_status":"closed","sticky":false,"template":"","format":"standard","meta":{"sfsi_plus_gutenberg_text_before_share":"","sfsi_plus_gutenberg_show_text_before_share":"","sfsi_plus_gutenberg_icon_type":"","sfsi_plus_gutenberg_icon_alignemt":"","sfsi_plus_gutenburg_max_per_row":"","footnotes":""},"categories":[11],"tags":[],"class_list":["post-116951","post","type-post","status-publish","format-standard","has-post-thumbnail","hentry","category-politica"],"_links":{"self":[{"href":"https:\/\/www.caririemacao.com\/1\/wp-json\/wp\/v2\/posts\/116951","targetHints":{"allow":["GET"]}}],"collection":[{"href":"https:\/\/www.caririemacao.com\/1\/wp-json\/wp\/v2\/posts"}],"about":[{"href":"https:\/\/www.caririemacao.com\/1\/wp-json\/wp\/v2\/types\/post"}],"author":[{"embeddable":true,"href":"https:\/\/www.caririemacao.com\/1\/wp-json\/wp\/v2\/users\/1"}],"replies":[{"embeddable":true,"href":"https:\/\/www.caririemacao.com\/1\/wp-json\/wp\/v2\/comments?post=116951"}],"version-history":[{"count":1,"href":"https:\/\/www.caririemacao.com\/1\/wp-json\/wp\/v2\/posts\/116951\/revisions"}],"predecessor-version":[{"id":116953,"href":"https:\/\/www.caririemacao.com\/1\/wp-json\/wp\/v2\/posts\/116951\/revisions\/116953"}],"wp:featuredmedia":[{"embeddable":true,"href":"https:\/\/www.caririemacao.com\/1\/wp-json\/wp\/v2\/media\/109956"}],"wp:attachment":[{"href":"https:\/\/www.caririemacao.com\/1\/wp-json\/wp\/v2\/media?parent=116951"}],"wp:term":[{"taxonomy":"category","embeddable":true,"href":"https:\/\/www.caririemacao.com\/1\/wp-json\/wp\/v2\/categories?post=116951"},{"taxonomy":"post_tag","embeddable":true,"href":"https:\/\/www.caririemacao.com\/1\/wp-json\/wp\/v2\/tags?post=116951"}],"curies":[{"name":"wp","href":"https:\/\/api.w.org\/{rel}","templated":true}]}}