{"id":116958,"date":"2019-09-16T13:09:57","date_gmt":"2019-09-16T16:09:57","guid":{"rendered":"http:\/\/www.caririemacao.com\/1\/?p=116958"},"modified":"2019-09-16T13:09:57","modified_gmt":"2019-09-16T16:09:57","slug":"roberto-paulino-revela-conversas-com-joao-azevedo-e-renova-convite-para-governador-se-filiar-ao-mdb","status":"publish","type":"post","link":"https:\/\/www.caririemacao.com\/1\/2019\/09\/16\/roberto-paulino-revela-conversas-com-joao-azevedo-e-renova-convite-para-governador-se-filiar-ao-mdb\/","title":{"rendered":"Roberto Paulino revela conversas com Jo\u00e3o Azev\u00eado e renova convite para governador se filiar ao MDB"},"content":{"rendered":"\n<p>O ex-governador da Para\u00edba e vice-presidente do MDB, Roberto Paulino, declarou que abriu um canal de di\u00e1logos com o governador Jo\u00e3o Azev\u00eado, ap\u00f3s a crise interna que culminou na dissolu\u00e7\u00e3o do diret\u00f3rio estadual do PSB. Em entrevista concedida Guarabira, na manh\u00e3 desta segunda-feira (16), Paulino revelou que conversou por telefone com Jo\u00e3o e ambos demonstraram interesse na continuidade do di\u00e1logo.&nbsp;<\/p>\n\n\n\n<p>\u201cEle queria conversar mais, trocar ideias. Eu disse: olhe, governador, com voc\u00ea eu converso pol\u00edtica. A gente agora abriu um leque para que possamos conversar\u201d, relatou.<\/p>\n\n\n\n<p>\u201cEu n\u00e3o sou homem de recuar\u201d, declarou Roberto Paulino quando questionado sobre o convite que fez a Jo\u00e3o Azev\u00eado para ingressar no MDB. \u201cEu, como vice-presidente, fiz o convite e est\u00e1 de p\u00e9\u201d, completou.<\/p>\n\n\n\n<p>Roberto afirmou ainda acreditar que a confirma\u00e7\u00e3o de uma uni\u00e3o entre eles n\u00e3o dever\u00e1 demorar. \u201cCom esse rompimento de Jo\u00e3o e Ricardo, est\u00e1 havendo uma readequa\u00e7\u00e3o pol\u00edtica na Para\u00edba\u201d, avaliou.<\/p>\n","protected":false},"excerpt":{"rendered":"<p>O ex-governador da Para\u00edba e vice-presidente do MDB, Roberto Paulino, declarou que abriu um canal de di\u00e1logos com o governador Jo\u00e3o Azev\u00eado, ap\u00f3s a crise&hellip; <\/p>\n","protected":false},"author":1,"featured_media":116960,"comment_status":"closed","ping_status":"closed","sticky":false,"template":"","format":"standard","meta":{"sfsi_plus_gutenberg_text_before_share":"","sfsi_plus_gutenberg_show_text_before_share":"","sfsi_plus_gutenberg_icon_type":"","sfsi_plus_gutenberg_icon_alignemt":"","sfsi_plus_gutenburg_max_per_row":"","footnotes":""},"categories":[11],"tags":[],"class_list":["post-116958","post","type-post","status-publish","format-standard","has-post-thumbnail","hentry","category-politica"],"_links":{"self":[{"href":"https:\/\/www.caririemacao.com\/1\/wp-json\/wp\/v2\/posts\/116958","targetHints":{"allow":["GET"]}}],"collection":[{"href":"https:\/\/www.caririemacao.com\/1\/wp-json\/wp\/v2\/posts"}],"about":[{"href":"https:\/\/www.caririemacao.com\/1\/wp-json\/wp\/v2\/types\/post"}],"author":[{"embeddable":true,"href":"https:\/\/www.caririemacao.com\/1\/wp-json\/wp\/v2\/users\/1"}],"replies":[{"embeddable":true,"href":"https:\/\/www.caririemacao.com\/1\/wp-json\/wp\/v2\/comments?post=116958"}],"version-history":[{"count":1,"href":"https:\/\/www.caririemacao.com\/1\/wp-json\/wp\/v2\/posts\/116958\/revisions"}],"predecessor-version":[{"id":116961,"href":"https:\/\/www.caririemacao.com\/1\/wp-json\/wp\/v2\/posts\/116958\/revisions\/116961"}],"wp:featuredmedia":[{"embeddable":true,"href":"https:\/\/www.caririemacao.com\/1\/wp-json\/wp\/v2\/media\/116960"}],"wp:attachment":[{"href":"https:\/\/www.caririemacao.com\/1\/wp-json\/wp\/v2\/media?parent=116958"}],"wp:term":[{"taxonomy":"category","embeddable":true,"href":"https:\/\/www.caririemacao.com\/1\/wp-json\/wp\/v2\/categories?post=116958"},{"taxonomy":"post_tag","embeddable":true,"href":"https:\/\/www.caririemacao.com\/1\/wp-json\/wp\/v2\/tags?post=116958"}],"curies":[{"name":"wp","href":"https:\/\/api.w.org\/{rel}","templated":true}]}}