{"id":116969,"date":"2019-09-16T13:38:00","date_gmt":"2019-09-16T16:38:00","guid":{"rendered":"http:\/\/www.caririemacao.com\/1\/?p=116969"},"modified":"2019-09-16T13:38:00","modified_gmt":"2019-09-16T16:38:00","slug":"pleito-da-prefeita-de-monteiro-e-atendido-e-foco-cirurgico-e-instalado-no-hospital-regional","status":"publish","type":"post","link":"https:\/\/www.caririemacao.com\/1\/2019\/09\/16\/pleito-da-prefeita-de-monteiro-e-atendido-e-foco-cirurgico-e-instalado-no-hospital-regional\/","title":{"rendered":"Pleito da prefeita de Monteiro \u00e9 atendido, e foco cir\u00fargico \u00e9 instalado no hospital regional"},"content":{"rendered":"\n<p>Atendendo a uma solicita\u00e7\u00e3o da prefeita Anna Lorena, o governador Jo\u00e3o Azevedo, atrav\u00e9s da Secretaria de Sa\u00fade do Estado, o Hospital Regional Santa Filomena agora conta com um novo equipamento que auxilia diretamente as cirurgias realizadas no local.<\/p>\n\n\n\n<p>O foco cir\u00fargico, que teve um custo de R$ 150 mil, foi uma das solicita\u00e7\u00f5es feitas por Anna Lorena a Jo\u00e3o Azevedo, logo&nbsp; nos primeiros meses do ano. \u201cIdentificamos durante visitas, que o equipamento seria de grande valia para melhorar o atendimento aos pacientes no tocante \u00e0s cirurgias\u201d, aponta a gestora.<br>O equipamento j\u00e1 est\u00e1 instalado na unidade hospitalar e pronto para uso. \u201cNossa administra\u00e7\u00e3o tem uma preocupa\u00e7\u00e3o especial com a sa\u00fade e a educa\u00e7\u00e3o. Os investimentos que temos feito e nossas parcerias tamb\u00e9m tem proporcionado ajudar n\u00e3o s\u00f3 o que \u00e9 administrado pela prefeitura. A cada dia buscamos incansavelmente fazer de Monteiro uma cidade cada vez melhor\u201d, pontua Lorena.<\/p>\n","protected":false},"excerpt":{"rendered":"<p>Atendendo a uma solicita\u00e7\u00e3o da prefeita Anna Lorena, o governador Jo\u00e3o Azevedo, atrav\u00e9s da Secretaria de Sa\u00fade do Estado, o Hospital Regional Santa Filomena agora&hellip; <\/p>\n","protected":false},"author":1,"featured_media":116971,"comment_status":"closed","ping_status":"closed","sticky":false,"template":"","format":"standard","meta":{"sfsi_plus_gutenberg_text_before_share":"","sfsi_plus_gutenberg_show_text_before_share":"","sfsi_plus_gutenberg_icon_type":"","sfsi_plus_gutenberg_icon_alignemt":"","sfsi_plus_gutenburg_max_per_row":"","footnotes":""},"categories":[6,50],"tags":[],"class_list":["post-116969","post","type-post","status-publish","format-standard","has-post-thumbnail","hentry","category-cidades","category-destaque"],"_links":{"self":[{"href":"https:\/\/www.caririemacao.com\/1\/wp-json\/wp\/v2\/posts\/116969","targetHints":{"allow":["GET"]}}],"collection":[{"href":"https:\/\/www.caririemacao.com\/1\/wp-json\/wp\/v2\/posts"}],"about":[{"href":"https:\/\/www.caririemacao.com\/1\/wp-json\/wp\/v2\/types\/post"}],"author":[{"embeddable":true,"href":"https:\/\/www.caririemacao.com\/1\/wp-json\/wp\/v2\/users\/1"}],"replies":[{"embeddable":true,"href":"https:\/\/www.caririemacao.com\/1\/wp-json\/wp\/v2\/comments?post=116969"}],"version-history":[{"count":1,"href":"https:\/\/www.caririemacao.com\/1\/wp-json\/wp\/v2\/posts\/116969\/revisions"}],"predecessor-version":[{"id":116972,"href":"https:\/\/www.caririemacao.com\/1\/wp-json\/wp\/v2\/posts\/116969\/revisions\/116972"}],"wp:featuredmedia":[{"embeddable":true,"href":"https:\/\/www.caririemacao.com\/1\/wp-json\/wp\/v2\/media\/116971"}],"wp:attachment":[{"href":"https:\/\/www.caririemacao.com\/1\/wp-json\/wp\/v2\/media?parent=116969"}],"wp:term":[{"taxonomy":"category","embeddable":true,"href":"https:\/\/www.caririemacao.com\/1\/wp-json\/wp\/v2\/categories?post=116969"},{"taxonomy":"post_tag","embeddable":true,"href":"https:\/\/www.caririemacao.com\/1\/wp-json\/wp\/v2\/tags?post=116969"}],"curies":[{"name":"wp","href":"https:\/\/api.w.org\/{rel}","templated":true}]}}