{"id":117001,"date":"2019-09-16T15:04:00","date_gmt":"2019-09-16T18:04:00","guid":{"rendered":"http:\/\/www.caririemacao.com\/1\/?p=117001"},"modified":"2019-09-16T15:04:00","modified_gmt":"2019-09-16T18:04:00","slug":"hoje-e-o-ultimo-dia-para-escolha-dos-livros-didaticos-do-6o-ao-9o-anos","status":"publish","type":"post","link":"https:\/\/www.caririemacao.com\/1\/2019\/09\/16\/hoje-e-o-ultimo-dia-para-escolha-dos-livros-didaticos-do-6o-ao-9o-anos\/","title":{"rendered":"Hoje \u00e9 o \u00faltimo dia para escolha dos livros did\u00e1ticos do 6\u00ba ao 9\u00ba anos"},"content":{"rendered":"\n<p>Termina hoje (16) o prazo para que professores, diretores e coordenadores educacionais das redes p\u00fablicas de ensino escolham os livros did\u00e1ticos que ser\u00e3o utilizados pelos alunos dos anos finais do ensino fundamental, do 6\u00ba ao 9\u00ba anos, a partir do ano que vem. A sele\u00e7\u00e3o das obras, que fazem parte do Programa Nacional do Livro e do Material Did\u00e1tico (PNLD), deve ser feita pelo sistema<a href=\"http:\/\/pddeinterativo.mec.gov.br\/\">&nbsp;PDDE Interativo<\/a>.<\/p>\n\n\n\n<p>Para ajudar na escolha, est\u00e1 dispon\u00edvel o&nbsp;<a href=\"http:\/\/https\/\/pnld.nees.com.br\/pnld_2020\/inicio\">Guia do Livro Did\u00e1tico 2020<\/a>, que cont\u00e9m resenhas e informa\u00e7\u00f5es das cole\u00e7\u00f5es aprovadas. De acordo com o Fundo Nacional de Desenvolvimento da Educa\u00e7\u00e3o (FNDE), com o guia em m\u00e3os, docentes e demais servidores envolvidos no processo podem conhecer melhor as obras dispon\u00edveis e selecionar as mais adequadas ao processo pedag\u00f3gico de cada escola.<\/p>\n\n\n\n<p>Nesta edi\u00e7\u00e3o do PNLD, ser\u00e3o selecionadas cole\u00e7\u00f5es did\u00e1ticas de l\u00edngua portuguesa, matem\u00e1tica, l\u00edngua inglesa, ci\u00eancias, hist\u00f3ria, geografia, arte e educa\u00e7\u00e3o f\u00edsica. Nos casos de l\u00edngua portuguesa e arte, podem ser escolhidas cole\u00e7\u00f5es disciplinares separadas para cada uma das disciplinas ou cole\u00e7\u00f5es interdisciplinares, que englobam as duas mat\u00e9rias numa \u00fanica cole\u00e7\u00e3o.<\/p>\n\n\n\n<p>As escolas devem selecionar duas op\u00e7\u00f5es de cole\u00e7\u00f5es de cada componente curricular, de editoras diferentes. Caso n\u00e3o seja poss\u00edvel a aquisi\u00e7\u00e3o dos livros da editora da primeira op\u00e7\u00e3o, o FNDE negociar\u00e1 as obras da segunda op\u00e7\u00e3o. Se a escola n\u00e3o quiser receber livros de algum componente, basta indicar essa inten\u00e7\u00e3o no sistema.<\/p>\n\n\n\n<p>Cada escola poder\u00e1 escolher tamb\u00e9m uma cole\u00e7\u00e3o de Projeto Integrador, ou seja, obras did\u00e1ticas com propostas pedag\u00f3gicas que integram no m\u00ednimo dois componentes curriculares. Trata-se, segundo o FNDE, de uma op\u00e7\u00e3o a mais de material para as escolas.<\/p>\n\n\n\n<p>O registro da escolha deve ser feito pelo diretor da escola no Sistema PDDE Interativo. Caso algum diretor ainda n\u00e3o tenha acesso a esse sistema, dever\u00e1 entrar em contato com a Secretaria de Educa\u00e7\u00e3o para solicit\u00e1-lo. Est\u00e1 dispon\u00edvel um&nbsp;<a href=\"http:\/\/https\/\/www.fnde.gov.br\/index.php\/programas\/programas-do-livro\/pnld\/escolha-pnld-2020\">passo a passo<\/a>&nbsp;para ajudar no processo de escolha.<\/p>\n\n\n\n<p>O PNBL fornece gratuitamente livros did\u00e1ticos, obras pedag\u00f3gicas e liter\u00e1rias, entre outros materiais de apoio \u00e0 pr\u00e1tica educativa \u00e0s escolas.<\/p>\n\n\n\n<p><\/p>\n\n\n\n<p>EBC<\/p>\n","protected":false},"excerpt":{"rendered":"<p>Termina hoje (16) o prazo para que professores, diretores e coordenadores educacionais das redes p\u00fablicas de ensino escolham os livros did\u00e1ticos que ser\u00e3o utilizados pelos&hellip; <\/p>\n","protected":false},"author":1,"featured_media":23718,"comment_status":"closed","ping_status":"closed","sticky":false,"template":"","format":"standard","meta":{"sfsi_plus_gutenberg_text_before_share":"","sfsi_plus_gutenberg_show_text_before_share":"","sfsi_plus_gutenberg_icon_type":"","sfsi_plus_gutenberg_icon_alignemt":"","sfsi_plus_gutenburg_max_per_row":"","footnotes":""},"categories":[14],"tags":[],"class_list":["post-117001","post","type-post","status-publish","format-standard","has-post-thumbnail","hentry","category-educacao"],"_links":{"self":[{"href":"https:\/\/www.caririemacao.com\/1\/wp-json\/wp\/v2\/posts\/117001","targetHints":{"allow":["GET"]}}],"collection":[{"href":"https:\/\/www.caririemacao.com\/1\/wp-json\/wp\/v2\/posts"}],"about":[{"href":"https:\/\/www.caririemacao.com\/1\/wp-json\/wp\/v2\/types\/post"}],"author":[{"embeddable":true,"href":"https:\/\/www.caririemacao.com\/1\/wp-json\/wp\/v2\/users\/1"}],"replies":[{"embeddable":true,"href":"https:\/\/www.caririemacao.com\/1\/wp-json\/wp\/v2\/comments?post=117001"}],"version-history":[{"count":1,"href":"https:\/\/www.caririemacao.com\/1\/wp-json\/wp\/v2\/posts\/117001\/revisions"}],"predecessor-version":[{"id":117003,"href":"https:\/\/www.caririemacao.com\/1\/wp-json\/wp\/v2\/posts\/117001\/revisions\/117003"}],"wp:featuredmedia":[{"embeddable":true,"href":"https:\/\/www.caririemacao.com\/1\/wp-json\/wp\/v2\/media\/23718"}],"wp:attachment":[{"href":"https:\/\/www.caririemacao.com\/1\/wp-json\/wp\/v2\/media?parent=117001"}],"wp:term":[{"taxonomy":"category","embeddable":true,"href":"https:\/\/www.caririemacao.com\/1\/wp-json\/wp\/v2\/categories?post=117001"},{"taxonomy":"post_tag","embeddable":true,"href":"https:\/\/www.caririemacao.com\/1\/wp-json\/wp\/v2\/tags?post=117001"}],"curies":[{"name":"wp","href":"https:\/\/api.w.org\/{rel}","templated":true}]}}