{"id":117013,"date":"2019-09-16T16:18:56","date_gmt":"2019-09-16T19:18:56","guid":{"rendered":"http:\/\/www.caririemacao.com\/1\/?p=117013"},"modified":"2019-09-16T16:18:56","modified_gmt":"2019-09-16T19:18:56","slug":"policia-prende-homem-e-apreende-armas-moto-e-mudas-de-maconha-em-monteiro","status":"publish","type":"post","link":"https:\/\/www.caririemacao.com\/1\/2019\/09\/16\/policia-prende-homem-e-apreende-armas-moto-e-mudas-de-maconha-em-monteiro\/","title":{"rendered":"Pol\u00edcia prende homem e apreende armas, moto e mudas de maconha em Monteiro"},"content":{"rendered":"\n<p>A Pol\u00edcia Militar de Monteiro prende um homem nesta segunda-feira (16), na cidade de Monteiro, no Cariri paraibano.<\/p>\n\n\n\n<p>Tamb\u00e9m foram apreendidas uma moto, duas armas, um coldre de couro, tr\u00eas mudas de maconha e tr\u00eas p\u00e1ssaros silvestres.<\/p>\n\n\n\n<p>Conforme informa\u00e7\u00f5es da Pol\u00edcia, policiais realizaram rondas no final da manh\u00e3, quando avistaram uma motociclista em alta velocidade, saindo da vilinha, foi feito o acompanhamento, onde conseguiram o abordar pr\u00f3ximo ao chafariz. Durante a abordagem pessoal, o imputado come\u00e7ou a desacatar, utilizando-se de palavr\u00f5es, e amea\u00e7ou a guarni\u00e7\u00e3o.<\/p>\n\n\n\n<p>Ap\u00f3s deterem o homem, a equipe de policiais se dirigiu at\u00e9 a casa do mesmo na vilinha do a\u00e7ude, pois ele n\u00e3o portava documentos, e chegando ao local, foi encontrado 2 p\u00e1ssaros silvestres engaiolado, e no interior da resid\u00eancia, foi localizado um terceiro passaro engaiolado. No muro, os policiais encontraram 03 mudas de cannabis sativa, e dentro do guarda roupa no quarto localizaram 01 espingarda, calibre 12, oxidado, marca inexistente, n\u00famero de s\u00e9rie inexistente, e mais 01 espingarda de fabrica\u00e7\u00e3o caseira do tipo soca-soca (curta) com 13 polegadas de cano.<\/p>\n\n\n\n<p>Diante do flagrante, o homem foi conduzido para Delegacia local, juntamente com o material apreendido, para as devidas provid\u00eancias.<\/p>\n\n\n\n<p><strong>HORA1PB<\/strong><\/p>\n","protected":false},"excerpt":{"rendered":"<p>A Pol\u00edcia Militar de Monteiro prende um homem nesta segunda-feira (16), na cidade de Monteiro, no Cariri paraibano. Tamb\u00e9m foram apreendidas uma moto, duas armas,&hellip; <\/p>\n","protected":false},"author":1,"featured_media":117015,"comment_status":"closed","ping_status":"closed","sticky":false,"template":"","format":"standard","meta":{"sfsi_plus_gutenberg_text_before_share":"","sfsi_plus_gutenberg_show_text_before_share":"","sfsi_plus_gutenberg_icon_type":"","sfsi_plus_gutenberg_icon_alignemt":"","sfsi_plus_gutenburg_max_per_row":"","footnotes":""},"categories":[12],"tags":[],"class_list":["post-117013","post","type-post","status-publish","format-standard","has-post-thumbnail","hentry","category-policia"],"_links":{"self":[{"href":"https:\/\/www.caririemacao.com\/1\/wp-json\/wp\/v2\/posts\/117013","targetHints":{"allow":["GET"]}}],"collection":[{"href":"https:\/\/www.caririemacao.com\/1\/wp-json\/wp\/v2\/posts"}],"about":[{"href":"https:\/\/www.caririemacao.com\/1\/wp-json\/wp\/v2\/types\/post"}],"author":[{"embeddable":true,"href":"https:\/\/www.caririemacao.com\/1\/wp-json\/wp\/v2\/users\/1"}],"replies":[{"embeddable":true,"href":"https:\/\/www.caririemacao.com\/1\/wp-json\/wp\/v2\/comments?post=117013"}],"version-history":[{"count":1,"href":"https:\/\/www.caririemacao.com\/1\/wp-json\/wp\/v2\/posts\/117013\/revisions"}],"predecessor-version":[{"id":117016,"href":"https:\/\/www.caririemacao.com\/1\/wp-json\/wp\/v2\/posts\/117013\/revisions\/117016"}],"wp:featuredmedia":[{"embeddable":true,"href":"https:\/\/www.caririemacao.com\/1\/wp-json\/wp\/v2\/media\/117015"}],"wp:attachment":[{"href":"https:\/\/www.caririemacao.com\/1\/wp-json\/wp\/v2\/media?parent=117013"}],"wp:term":[{"taxonomy":"category","embeddable":true,"href":"https:\/\/www.caririemacao.com\/1\/wp-json\/wp\/v2\/categories?post=117013"},{"taxonomy":"post_tag","embeddable":true,"href":"https:\/\/www.caririemacao.com\/1\/wp-json\/wp\/v2\/tags?post=117013"}],"curies":[{"name":"wp","href":"https:\/\/api.w.org\/{rel}","templated":true}]}}