{"id":117021,"date":"2019-09-16T17:03:11","date_gmt":"2019-09-16T20:03:11","guid":{"rendered":"http:\/\/www.caririemacao.com\/1\/?p=117021"},"modified":"2019-09-16T17:03:11","modified_gmt":"2019-09-16T20:03:11","slug":"sbt-exclui-paraiba-do-mapa-em-campanha-publicitaria-sobre-o-nordeste","status":"publish","type":"post","link":"https:\/\/www.caririemacao.com\/1\/2019\/09\/16\/sbt-exclui-paraiba-do-mapa-em-campanha-publicitaria-sobre-o-nordeste\/","title":{"rendered":"SBT exclui Para\u00edba do mapa em campanha publicit\u00e1ria sobre o Nordeste"},"content":{"rendered":"\n<p>O SBT Nordeste divulgou uma campanha publicit\u00e1ria como forma de valorizar a regi\u00e3o, mas acabou desprestigiando o estado da Para\u00edba. Foram citadas explicitamente capitais dos estados nordestinos e at\u00e9 rec\u00f4nditos escondidos da regi\u00e3o, com exce\u00e7\u00e3o de cidades paraibanas.<\/p>\n\n\n\n<p>Apesar de mostrar famosas festas de S\u00e3o Jo\u00e3o do Nordeste, n\u00e3o houve cita\u00e7\u00e3o direta a Campina Grande. Tamb\u00e9m n\u00e3o foi citada nenhuma praia do vasto litoral paraibano.<\/p>\n\n\n\n<p>Os artistas da Para\u00edba permaneceram esquecidos no v\u00eddeo, que trouxe alguns dos nomes mais populares da m\u00fasica. Mesmo com o apelo \u00e0 valoriza\u00e7\u00e3o de cada um dos estados do Nordeste, nem todos receberam destaque no v\u00eddeo publicit\u00e1rio.<\/p>\n\n\n\n<div class=\"wp-block-image\"><figure class=\"aligncenter\"><img decoding=\"async\" data-src=\"http:\/\/deolhonocariri.com.br\/wp-content\/uploads\/2019\/09\/nordeste_sbt-600x338.png\" alt=\"\" class=\"wp-image-71835 lazyload\" src=\"data:image\/svg+xml;base64,PHN2ZyB3aWR0aD0iMSIgaGVpZ2h0PSIxIiB4bWxucz0iaHR0cDovL3d3dy53My5vcmcvMjAwMC9zdmciPjwvc3ZnPg==\" style=\"--smush-placeholder-width: 600px; --smush-placeholder-aspect-ratio: 600\/338;\" \/><\/figure><\/div>\n\n\n\n<p>A refer\u00eancia \u00e0 Para\u00edba aparece de forma muito t\u00edmida no mapa do Nordeste que \u00e9 mostrado e em alguns frames exibindo apresentadores locais. Apesar de exibir o mapa, at\u00e9 mesmo o nome da Para\u00edba aparece de forma mais apagada do que os vizinhos.<\/p>\n\n\n\n<p><em>Com Click PB<\/em><\/p>\n","protected":false},"excerpt":{"rendered":"<p>O SBT Nordeste divulgou uma campanha publicit\u00e1ria como forma de valorizar a regi\u00e3o, mas acabou desprestigiando o estado da Para\u00edba. Foram citadas explicitamente capitais dos&hellip; <\/p>\n","protected":false},"author":1,"featured_media":117023,"comment_status":"closed","ping_status":"closed","sticky":false,"template":"","format":"standard","meta":{"sfsi_plus_gutenberg_text_before_share":"","sfsi_plus_gutenberg_show_text_before_share":"","sfsi_plus_gutenberg_icon_type":"","sfsi_plus_gutenberg_icon_alignemt":"","sfsi_plus_gutenburg_max_per_row":"","footnotes":""},"categories":[50,2],"tags":[],"class_list":["post-117021","post","type-post","status-publish","format-standard","has-post-thumbnail","hentry","category-destaque","category-geral"],"_links":{"self":[{"href":"https:\/\/www.caririemacao.com\/1\/wp-json\/wp\/v2\/posts\/117021","targetHints":{"allow":["GET"]}}],"collection":[{"href":"https:\/\/www.caririemacao.com\/1\/wp-json\/wp\/v2\/posts"}],"about":[{"href":"https:\/\/www.caririemacao.com\/1\/wp-json\/wp\/v2\/types\/post"}],"author":[{"embeddable":true,"href":"https:\/\/www.caririemacao.com\/1\/wp-json\/wp\/v2\/users\/1"}],"replies":[{"embeddable":true,"href":"https:\/\/www.caririemacao.com\/1\/wp-json\/wp\/v2\/comments?post=117021"}],"version-history":[{"count":1,"href":"https:\/\/www.caririemacao.com\/1\/wp-json\/wp\/v2\/posts\/117021\/revisions"}],"predecessor-version":[{"id":117024,"href":"https:\/\/www.caririemacao.com\/1\/wp-json\/wp\/v2\/posts\/117021\/revisions\/117024"}],"wp:featuredmedia":[{"embeddable":true,"href":"https:\/\/www.caririemacao.com\/1\/wp-json\/wp\/v2\/media\/117023"}],"wp:attachment":[{"href":"https:\/\/www.caririemacao.com\/1\/wp-json\/wp\/v2\/media?parent=117021"}],"wp:term":[{"taxonomy":"category","embeddable":true,"href":"https:\/\/www.caririemacao.com\/1\/wp-json\/wp\/v2\/categories?post=117021"},{"taxonomy":"post_tag","embeddable":true,"href":"https:\/\/www.caririemacao.com\/1\/wp-json\/wp\/v2\/tags?post=117021"}],"curies":[{"name":"wp","href":"https:\/\/api.w.org\/{rel}","templated":true}]}}