{"id":117031,"date":"2019-09-16T18:30:42","date_gmt":"2019-09-16T21:30:42","guid":{"rendered":"http:\/\/www.caririemacao.com\/1\/?p=117031"},"modified":"2019-09-16T18:30:42","modified_gmt":"2019-09-16T21:30:42","slug":"como-fica-a-aposentadoria-para-quem-tem-mais-de-50-anos","status":"publish","type":"post","link":"https:\/\/www.caririemacao.com\/1\/2019\/09\/16\/como-fica-a-aposentadoria-para-quem-tem-mais-de-50-anos\/","title":{"rendered":"Como fica a aposentadoria para quem tem mais de 50 anos?"},"content":{"rendered":"\n<p>A regra para aposentadoria de trabalhadores com mais de 50 anos vai depender do tempo de contribui\u00e7\u00e3o que esses segurados tiverem quando a reforma da Previd\u00eancia passar a valer.<\/p>\n\n\n\n<p>No caso dos homens, se eles tiverem pelo menos 27 anos de contribui\u00e7\u00e3o, cair\u00e3o na regra de transi\u00e7\u00e3o por pontos. Nesse modelo ser\u00e1 necess\u00e1rio cumprir o tempo de contribui\u00e7\u00e3o atual e, na soma com a idade, chegar a 96 pontos. Para as mulheres, o somat\u00f3rio m\u00ednimo ser\u00e1 de 86. A pontua\u00e7\u00e3o deve subir a partir de 2020.<\/p>\n\n\n\n<p>As mulheres a partir dos 50 anos escapam da idade m\u00ednima se tiverem a partir de 24 anos de contribui\u00e7\u00e3o. Elas poder\u00e3o cair na<a href=\"https:\/\/agora.folha.uol.com.br\/grana\/2019\/07\/veja-quando-o-segurado-podera-ter-aposentadoria-na-transicao.shtml\">&nbsp;regra de transi\u00e7\u00e3o com 100% ou na regra com idade m\u00ednima<\/a>. Essa \u00faltima vale para quem tiver 56 anos de idade, no caso das mulheres, e tamb\u00e9m tiver o tempo m\u00ednimo de contribui\u00e7\u00e3o.<\/p>\n\n\n\n<figure><iframe height=\"250\" width=\"300\" allowfullscreen=\"\"><\/iframe><\/figure>\n\n\n\n<p>Na outra regra, \u00e9 necess\u00e1rio cumprir o dobro do tempo de contribui\u00e7\u00e3o que falta na data em que a reforma entrar em vigor, al\u00e9m de uma idade m\u00ednima de 57 anos, para mulheres, e 60 anos, para os homens.&nbsp;<\/p>\n\n\n\n<figure class=\"wp-block-image\"><img decoding=\"async\" data-src=\"https:\/\/f.i.uol.com.br\/fotografia\/2019\/09\/13\/15684106045d7c0bec1e373_1568410604_3x2_md.jpg\" alt=\"Como contribuir para o INSS? Quem trabalha por conta pr\u00f3pria precisa fazer inscri\u00e7\u00e3o como contribuinte individual. \" src=\"data:image\/svg+xml;base64,PHN2ZyB3aWR0aD0iMSIgaGVpZ2h0PSIxIiB4bWxucz0iaHR0cDovL3d3dy53My5vcmcvMjAwMC9zdmciPjwvc3ZnPg==\" class=\"lazyload\" \/><figcaption>Como contribuir para o INSS? Quem trabalha por conta pr\u00f3pria precisa fazer inscri\u00e7\u00e3o como contribuinte individual. .&nbsp;N\u00facleo de Imagem\/Max Francioli<\/figcaption><\/figure>\n\n\n\n<figure class=\"wp-block-image\"><img decoding=\"async\" data-src=\"https:\/\/f.i.uol.com.br\/fotografia\/2019\/09\/13\/15684123165d7c129c976d8_1568412316_3x2_md.jpg\" alt=\"Como saber o dia de receber o benef\u00edcio do INSS? A data depende do n\u00famero final do benef\u00edcio, sem o d\u00edgito.\" src=\"data:image\/svg+xml;base64,PHN2ZyB3aWR0aD0iMSIgaGVpZ2h0PSIxIiB4bWxucz0iaHR0cDovL3d3dy53My5vcmcvMjAwMC9zdmciPjwvc3ZnPg==\" class=\"lazyload\" \/><figcaption>Como saber o dia de receber o benef\u00edcio do INSS? A data depende do n\u00famero final do benef\u00edcio, sem o d\u00edgito..&nbsp;N\u00facleo de Imagem\/Max Francioli<\/figcaption><\/figure>\n\n\n\n<figure class=\"wp-block-image\"><img decoding=\"async\" data-src=\"https:\/\/f.i.uol.com.br\/fotografia\/2019\/09\/13\/15684106045d7c0bec1e373_1568410604_3x2_th.jpg\" alt=\"O que mudou na aposentadoria? At\u00e9 que a reforma da Previd\u00eancia seja aprovada no Senado e promulgada pelo Congresso, as regras atuais n\u00e3o mudar\u00e3o.\" src=\"data:image\/svg+xml;base64,PHN2ZyB3aWR0aD0iMSIgaGVpZ2h0PSIxIiB4bWxucz0iaHR0cDovL3d3dy53My5vcmcvMjAwMC9zdmciPjwvc3ZnPg==\" class=\"lazyload\" \/><\/figure>\n\n\n\n<figure class=\"wp-block-image\"><img decoding=\"async\" data-src=\"https:\/\/f.i.uol.com.br\/fotografia\/2019\/09\/13\/15684123165d7c129c976d8_1568412316_3x2_th.jpg\" alt=\"O que mudou na aposentadoria? At\u00e9 que a reforma da Previd\u00eancia seja aprovada no Senado e promulgada pelo Congresso, as regras atuais n\u00e3o mudar\u00e3o.\" src=\"data:image\/svg+xml;base64,PHN2ZyB3aWR0aD0iMSIgaGVpZ2h0PSIxIiB4bWxucz0iaHR0cDovL3d3dy53My5vcmcvMjAwMC9zdmciPjwvc3ZnPg==\" class=\"lazyload\" \/><\/figure>\n\n\n\n<figure class=\"wp-block-image\"><img decoding=\"async\" data-src=\"https:\/\/f.i.uol.com.br\/fotografia\/2019\/09\/13\/15684134755d7c172312db1_1568413475_3x2_th.jpg\" alt=\"O que mudou na aposentadoria? At\u00e9 que a reforma da Previd\u00eancia seja aprovada no Senado e promulgada pelo Congresso, as regras atuais n\u00e3o mudar\u00e3o.\" src=\"data:image\/svg+xml;base64,PHN2ZyB3aWR0aD0iMSIgaGVpZ2h0PSIxIiB4bWxucz0iaHR0cDovL3d3dy53My5vcmcvMjAwMC9zdmciPjwvc3ZnPg==\" class=\"lazyload\" \/><\/figure>\n\n\n\n<figure class=\"wp-block-image\"><img decoding=\"async\" data-src=\"https:\/\/f.i.uol.com.br\/fotografia\/2019\/09\/13\/15684138265d7c18825e504_1568413826_3x2_th.jpg\" alt=\"O que mudou na aposentadoria? At\u00e9 que a reforma da Previd\u00eancia seja aprovada no Senado e promulgada pelo Congresso, as regras atuais n\u00e3o mudar\u00e3o.\" src=\"data:image\/svg+xml;base64,PHN2ZyB3aWR0aD0iMSIgaGVpZ2h0PSIxIiB4bWxucz0iaHR0cDovL3d3dy53My5vcmcvMjAwMC9zdmciPjwvc3ZnPg==\" class=\"lazyload\" \/><\/figure>\n\n\n\n<figure class=\"wp-block-image\"><img decoding=\"async\" data-src=\"https:\/\/f.i.uol.com.br\/fotografia\/2019\/09\/13\/15684153185d7c1e56788d6_1568415318_3x2_th.jpg\" alt=\"O que mudou na aposentadoria? At\u00e9 que a reforma da Previd\u00eancia seja aprovada no Senado e promulgada pelo Congresso, as regras atuais n\u00e3o mudar\u00e3o.\" src=\"data:image\/svg+xml;base64,PHN2ZyB3aWR0aD0iMSIgaGVpZ2h0PSIxIiB4bWxucz0iaHR0cDovL3d3dy53My5vcmcvMjAwMC9zdmciPjwvc3ZnPg==\" class=\"lazyload\" \/><\/figure>\n\n\n\n<figure class=\"wp-block-image\"><img decoding=\"async\" data-src=\"https:\/\/f.i.uol.com.br\/fotografia\/2019\/09\/13\/15684162205d7c21dcb78d3_1568416220_3x2_th.jpg\" alt=\"O que mudou na aposentadoria? At\u00e9 que a reforma da Previd\u00eancia seja aprovada no Senado e promulgada pelo Congresso, as regras atuais n\u00e3o mudar\u00e3o.\" src=\"data:image\/svg+xml;base64,PHN2ZyB3aWR0aD0iMSIgaGVpZ2h0PSIxIiB4bWxucz0iaHR0cDovL3d3dy53My5vcmcvMjAwMC9zdmciPjwvc3ZnPg==\" class=\"lazyload\" \/><\/figure>\n\n\n\n<figure class=\"wp-block-image\"><img decoding=\"async\" data-src=\"https:\/\/f.i.uol.com.br\/fotografia\/2019\/09\/13\/15684179795d7c28bb2e5a7_1568417979_3x2_th.jpg\" alt=\"O que mudou na aposentadoria? At\u00e9 que a reforma da Previd\u00eancia seja aprovada no Senado e promulgada pelo Congresso, as regras atuais n\u00e3o mudar\u00e3o.\" src=\"data:image\/svg+xml;base64,PHN2ZyB3aWR0aD0iMSIgaGVpZ2h0PSIxIiB4bWxucz0iaHR0cDovL3d3dy53My5vcmcvMjAwMC9zdmciPjwvc3ZnPg==\" class=\"lazyload\" \/><\/figure>\n\n\n\n<figure class=\"wp-block-image\"><img decoding=\"async\" data-src=\"https:\/\/f.i.uol.com.br\/fotografia\/2019\/09\/13\/15684195185d7c2ebe9745d_1568419518_3x2_th.jpg\" alt=\"O que mudou na aposentadoria? At\u00e9 que a reforma da Previd\u00eancia seja aprovada no Senado e promulgada pelo Congresso, as regras atuais n\u00e3o mudar\u00e3o.\" src=\"data:image\/svg+xml;base64,PHN2ZyB3aWR0aD0iMSIgaGVpZ2h0PSIxIiB4bWxucz0iaHR0cDovL3d3dy53My5vcmcvMjAwMC9zdmciPjwvc3ZnPg==\" class=\"lazyload\" \/><\/figure>\n\n\n\n<h3 class=\"wp-block-heading\">Confira as cinco regras de transi\u00e7\u00e3o propostas pela reforma<\/h3>\n\n\n\n<p>1) Pontos<br>Soma da idade com o tempo de contribui\u00e7\u00e3o:<br>86 (mulheres) e 96 (homens)<br>+ tempo m\u00ednimo de contribui\u00e7\u00e3o exigido atualmente:<br>30 anos (mulheres) e 35 (homens)<br>Em 2020, passa a ser 87\/97 e aumenta um ponto por ano<\/p>\n\n\n\n<p>2) Ped\u00e1gio de 50%<br>S\u00f3 entra quem, ap\u00f3s a aprova\u00e7\u00e3o final reforma, tiver tempo de contribui\u00e7\u00e3o a partir de:<br>28 anos (mulheres) e 33 anos (homens)<br>\u00c9 necess\u00e1rio contribuir por mais 50% do tempo que estiver faltando para se aposentar pelas regras atuais<\/p>\n\n\n\n<p>3) Ped\u00e1gio de 100%<br>A aposentadoria ser\u00e1 concedida para quem tiver:<br>57 anos (mulheres) e 60 anos (homens)<br>\u00c9 necess\u00e1rio contribuir com o dobro do per\u00edodo que estiver faltando para o tempo m\u00ednimo de contribui\u00e7\u00e3o<\/p>\n\n\n\n<p>4) Idade m\u00ednima<br>S\u00f3 entra quem tiver: 56 anos (mulheres) e 61 (homens)<br>+ tempo m\u00ednimo de contribui\u00e7\u00e3o atual: 30 anos (mulheres) e 35 (homens)<br>A idade sobe seis meses por ano<\/p>\n\n\n\n<p>5) Aposentadoria por idade<br>Consegue quem completar 15 anos de contribui\u00e7\u00e3o<br>Al\u00e9m disso, \u00e9 preciso ter 60 anos (mulheres) e 65 (homens)<br>A idade das mulheres subir\u00e1 seis meses por ano at\u00e9 chegar a 62<\/p>\n","protected":false},"excerpt":{"rendered":"<p>A regra para aposentadoria de trabalhadores com mais de 50 anos vai depender do tempo de contribui\u00e7\u00e3o que esses segurados tiverem quando a reforma da&hellip; <\/p>\n","protected":false},"author":1,"featured_media":81721,"comment_status":"closed","ping_status":"closed","sticky":false,"template":"","format":"standard","meta":{"sfsi_plus_gutenberg_text_before_share":"","sfsi_plus_gutenberg_show_text_before_share":"","sfsi_plus_gutenberg_icon_type":"","sfsi_plus_gutenberg_icon_alignemt":"","sfsi_plus_gutenburg_max_per_row":"","footnotes":""},"categories":[2],"tags":[],"class_list":["post-117031","post","type-post","status-publish","format-standard","has-post-thumbnail","hentry","category-geral"],"_links":{"self":[{"href":"https:\/\/www.caririemacao.com\/1\/wp-json\/wp\/v2\/posts\/117031","targetHints":{"allow":["GET"]}}],"collection":[{"href":"https:\/\/www.caririemacao.com\/1\/wp-json\/wp\/v2\/posts"}],"about":[{"href":"https:\/\/www.caririemacao.com\/1\/wp-json\/wp\/v2\/types\/post"}],"author":[{"embeddable":true,"href":"https:\/\/www.caririemacao.com\/1\/wp-json\/wp\/v2\/users\/1"}],"replies":[{"embeddable":true,"href":"https:\/\/www.caririemacao.com\/1\/wp-json\/wp\/v2\/comments?post=117031"}],"version-history":[{"count":1,"href":"https:\/\/www.caririemacao.com\/1\/wp-json\/wp\/v2\/posts\/117031\/revisions"}],"predecessor-version":[{"id":117033,"href":"https:\/\/www.caririemacao.com\/1\/wp-json\/wp\/v2\/posts\/117031\/revisions\/117033"}],"wp:featuredmedia":[{"embeddable":true,"href":"https:\/\/www.caririemacao.com\/1\/wp-json\/wp\/v2\/media\/81721"}],"wp:attachment":[{"href":"https:\/\/www.caririemacao.com\/1\/wp-json\/wp\/v2\/media?parent=117031"}],"wp:term":[{"taxonomy":"category","embeddable":true,"href":"https:\/\/www.caririemacao.com\/1\/wp-json\/wp\/v2\/categories?post=117031"},{"taxonomy":"post_tag","embeddable":true,"href":"https:\/\/www.caririemacao.com\/1\/wp-json\/wp\/v2\/tags?post=117031"}],"curies":[{"name":"wp","href":"https:\/\/api.w.org\/{rel}","templated":true}]}}