{"id":117044,"date":"2019-09-16T22:15:22","date_gmt":"2019-09-17T01:15:22","guid":{"rendered":"http:\/\/www.caririemacao.com\/1\/?p=117044"},"modified":"2019-09-16T22:15:22","modified_gmt":"2019-09-17T01:15:22","slug":"renoveja-inaugura-unidade-em-sume","status":"publish","type":"post","link":"https:\/\/www.caririemacao.com\/1\/2019\/09\/16\/renoveja-inaugura-unidade-em-sume\/","title":{"rendered":"RenoveJ\u00e1 inaugura unidade em Sum\u00e9"},"content":{"rendered":"\n<p>Com uma equipe altamente qualificada, a cidade de Sum\u00e9, interior da Para\u00edba, ganhou na manh\u00e3 desta segunda-feira, dia 16, uma unidade da Franquia <strong>RenoveJ\u00e1<\/strong>, uma empresa especializada em reformas e reparos, considerada a 5\u00aa maior rede nesse segmento em todo pa\u00eds\u200b. A RenoveJ\u00e1 est\u00e1 presente em \u200b9 estados brasileiros\u200b e nasceu para oferecer uma \u200bnova experi\u00eancia na constru\u00e7\u00e3o civil, trabalhando com v\u00e1rios servi\u00e7os em casas e empresas.<\/p>\n\n\n\n<figure class=\"wp-block-image\"><img fetchpriority=\"high\" decoding=\"async\" width=\"1024\" height=\"682\" src=\"http:\/\/www.caririemacao.com\/1\/wp-content\/uploads\/2019\/09\/DSC_0262-1024x682.jpg\" alt=\"\" class=\"wp-image-117052\" srcset=\"https:\/\/www.caririemacao.com\/1\/wp-content\/uploads\/2019\/09\/DSC_0262-1024x682.jpg 1024w, https:\/\/www.caririemacao.com\/1\/wp-content\/uploads\/2019\/09\/DSC_0262-300x200.jpg 300w, https:\/\/www.caririemacao.com\/1\/wp-content\/uploads\/2019\/09\/DSC_0262-768x512.jpg 768w, https:\/\/www.caririemacao.com\/1\/wp-content\/uploads\/2019\/09\/DSC_0262.jpg 1280w\" sizes=\"(max-width: 1024px) 100vw, 1024px\" \/><\/figure>\n\n\n\n<p>\u00c0 frente da nova unidade RenoveJ\u00e1 est\u00e3o as engenheiras civil, Dra. Patr\u00edcia Paix\u00e3o e Dra. Fernanda Queiroz, que viram na franquia uma nova maneira de construir e reformar com qualidade. \u201cEspero poder ajudar o maior n\u00famero de pessoas e mostrar que \u00e9 poss\u00edvel ter uma obra realizada dentro do prazo estabelecido e sem traumas\u201d, comentou a Dra. Patr\u00edcia Paix\u00e3o. <\/p>\n\n\n\n<figure class=\"wp-block-image\"><img decoding=\"async\" width=\"1024\" height=\"682\" data-src=\"http:\/\/www.caririemacao.com\/1\/wp-content\/uploads\/2019\/09\/DSC_0254-1024x682.jpg\" alt=\"\" class=\"wp-image-117051 lazyload\" data-srcset=\"https:\/\/www.caririemacao.com\/1\/wp-content\/uploads\/2019\/09\/DSC_0254-1024x682.jpg 1024w, https:\/\/www.caririemacao.com\/1\/wp-content\/uploads\/2019\/09\/DSC_0254-300x200.jpg 300w, https:\/\/www.caririemacao.com\/1\/wp-content\/uploads\/2019\/09\/DSC_0254-768x512.jpg 768w, https:\/\/www.caririemacao.com\/1\/wp-content\/uploads\/2019\/09\/DSC_0254.jpg 1280w\" data-sizes=\"(max-width: 1024px) 100vw, 1024px\" src=\"data:image\/svg+xml;base64,PHN2ZyB3aWR0aD0iMSIgaGVpZ2h0PSIxIiB4bWxucz0iaHR0cDovL3d3dy53My5vcmcvMjAwMC9zdmciPjwvc3ZnPg==\" style=\"--smush-placeholder-width: 1024px; --smush-placeholder-aspect-ratio: 1024\/682;\" \/><\/figure>\n\n\n\n<p>\u201cReformar, hoje, significa dor de cabe\u00e7a. As pessoas pensam logo na m\u00e3o de obra desqualificada e irrespons\u00e1vel, na falta de compromisso, na casa toda suja, material comprado a mais ou comprado de menos, nos gastos extras que aparecem no meio do servi\u00e7o, no tempo de obra que dura mais do que deveria ou, at\u00e9\u0301 mesmo, no abandono da obra\u201d, concluiu Patr\u00edcia.<\/p>\n\n\n\n<figure class=\"wp-block-image\"><img decoding=\"async\" width=\"1024\" height=\"682\" data-src=\"http:\/\/www.caririemacao.com\/1\/wp-content\/uploads\/2019\/09\/DSC_0252-1024x682.jpg\" alt=\"\" class=\"wp-image-117050 lazyload\" data-srcset=\"https:\/\/www.caririemacao.com\/1\/wp-content\/uploads\/2019\/09\/DSC_0252-1024x682.jpg 1024w, https:\/\/www.caririemacao.com\/1\/wp-content\/uploads\/2019\/09\/DSC_0252-300x200.jpg 300w, https:\/\/www.caririemacao.com\/1\/wp-content\/uploads\/2019\/09\/DSC_0252-768x512.jpg 768w, https:\/\/www.caririemacao.com\/1\/wp-content\/uploads\/2019\/09\/DSC_0252.jpg 1280w\" data-sizes=\"(max-width: 1024px) 100vw, 1024px\" src=\"data:image\/svg+xml;base64,PHN2ZyB3aWR0aD0iMSIgaGVpZ2h0PSIxIiB4bWxucz0iaHR0cDovL3d3dy53My5vcmcvMjAwMC9zdmciPjwvc3ZnPg==\" style=\"--smush-placeholder-width: 1024px; --smush-placeholder-aspect-ratio: 1024\/682;\" \/><\/figure>\n\n\n\n<p>Em entrevista ao Cariri em A\u00e7\u00e3o, a engenheira civil, Dra. Fernanda Queiroz, disse que entre os servi\u00e7os oferecidos pela RenoveJ\u00e1 est\u00e3o: reformas e reparos, como pintura, hidr\u00e1ulica, alvenaria, gesso, el\u00e9trica e manuten\u00e7\u00e3o, em im\u00f3veis residenciais e comerciais, e os clientes recebem o or\u00e7amento em at\u00e9 24 horas com visita t\u00e9cnica gratuita. A rede tamb\u00e9m oferece 12 meses de garantia e possibilidade de parcelamento dos servi\u00e7os.<\/p>\n\n\n\n<figure class=\"wp-block-image\"><img decoding=\"async\" width=\"1024\" height=\"682\" data-src=\"http:\/\/www.caririemacao.com\/1\/wp-content\/uploads\/2019\/09\/DSC_0235-1024x682.jpg\" alt=\"\" class=\"wp-image-117049 lazyload\" data-srcset=\"https:\/\/www.caririemacao.com\/1\/wp-content\/uploads\/2019\/09\/DSC_0235-1024x682.jpg 1024w, https:\/\/www.caririemacao.com\/1\/wp-content\/uploads\/2019\/09\/DSC_0235-300x200.jpg 300w, https:\/\/www.caririemacao.com\/1\/wp-content\/uploads\/2019\/09\/DSC_0235-768x512.jpg 768w, https:\/\/www.caririemacao.com\/1\/wp-content\/uploads\/2019\/09\/DSC_0235.jpg 1280w\" data-sizes=\"(max-width: 1024px) 100vw, 1024px\" src=\"data:image\/svg+xml;base64,PHN2ZyB3aWR0aD0iMSIgaGVpZ2h0PSIxIiB4bWxucz0iaHR0cDovL3d3dy53My5vcmcvMjAwMC9zdmciPjwvc3ZnPg==\" style=\"--smush-placeholder-width: 1024px; --smush-placeholder-aspect-ratio: 1024\/682;\" \/><\/figure>\n\n\n\n<p>A inaugura\u00e7\u00e3o contou com a presen\u00e7a de amigos, familiares, profissionais da \u00e1rea e v\u00e1rias pessoa que foram conhecer esse novo empreendimento, localizado na Rua Alice Japiass\u00fa de Queiroz, pr\u00f3ximo ao Mercado P\u00fablico, em Sum\u00e9.<\/p>\n\n\n\n<figure class=\"wp-block-image\"><img decoding=\"async\" width=\"1024\" height=\"682\" data-src=\"http:\/\/www.caririemacao.com\/1\/wp-content\/uploads\/2019\/09\/DSC_0234-1024x682.jpg\" alt=\"\" class=\"wp-image-117048 lazyload\" data-srcset=\"https:\/\/www.caririemacao.com\/1\/wp-content\/uploads\/2019\/09\/DSC_0234-1024x682.jpg 1024w, https:\/\/www.caririemacao.com\/1\/wp-content\/uploads\/2019\/09\/DSC_0234-300x200.jpg 300w, https:\/\/www.caririemacao.com\/1\/wp-content\/uploads\/2019\/09\/DSC_0234-768x512.jpg 768w, https:\/\/www.caririemacao.com\/1\/wp-content\/uploads\/2019\/09\/DSC_0234.jpg 1280w\" data-sizes=\"(max-width: 1024px) 100vw, 1024px\" src=\"data:image\/svg+xml;base64,PHN2ZyB3aWR0aD0iMSIgaGVpZ2h0PSIxIiB4bWxucz0iaHR0cDovL3d3dy53My5vcmcvMjAwMC9zdmciPjwvc3ZnPg==\" style=\"--smush-placeholder-width: 1024px; --smush-placeholder-aspect-ratio: 1024\/682;\" \/><\/figure>\n\n\n\n<p><a href=\"https:\/\/www.facebook.com\/pg\/CaririEmAcao\/photos\/?tab=album&amp;album_id=1651418624994154\">ACESSE AQUI E VEJA TODAS AS FOTOS INAUGURA\u00c7\u00c3O DA RENOVEJ\u00c1.<\/a><\/p>\n","protected":false},"excerpt":{"rendered":"<p>Com uma equipe altamente qualificada, a cidade de Sum\u00e9, interior da Para\u00edba, ganhou na manh\u00e3 desta segunda-feira, dia 16, uma unidade da Franquia RenoveJ\u00e1, uma&hellip; <\/p>\n","protected":false},"author":2,"featured_media":117046,"comment_status":"closed","ping_status":"closed","sticky":false,"template":"","format":"standard","meta":{"sfsi_plus_gutenberg_text_before_share":"","sfsi_plus_gutenberg_show_text_before_share":"","sfsi_plus_gutenberg_icon_type":"","sfsi_plus_gutenberg_icon_alignemt":"","sfsi_plus_gutenburg_max_per_row":"","footnotes":""},"categories":[50,2],"tags":[],"class_list":["post-117044","post","type-post","status-publish","format-standard","has-post-thumbnail","hentry","category-destaque","category-geral"],"_links":{"self":[{"href":"https:\/\/www.caririemacao.com\/1\/wp-json\/wp\/v2\/posts\/117044","targetHints":{"allow":["GET"]}}],"collection":[{"href":"https:\/\/www.caririemacao.com\/1\/wp-json\/wp\/v2\/posts"}],"about":[{"href":"https:\/\/www.caririemacao.com\/1\/wp-json\/wp\/v2\/types\/post"}],"author":[{"embeddable":true,"href":"https:\/\/www.caririemacao.com\/1\/wp-json\/wp\/v2\/users\/2"}],"replies":[{"embeddable":true,"href":"https:\/\/www.caririemacao.com\/1\/wp-json\/wp\/v2\/comments?post=117044"}],"version-history":[{"count":1,"href":"https:\/\/www.caririemacao.com\/1\/wp-json\/wp\/v2\/posts\/117044\/revisions"}],"predecessor-version":[{"id":117053,"href":"https:\/\/www.caririemacao.com\/1\/wp-json\/wp\/v2\/posts\/117044\/revisions\/117053"}],"wp:featuredmedia":[{"embeddable":true,"href":"https:\/\/www.caririemacao.com\/1\/wp-json\/wp\/v2\/media\/117046"}],"wp:attachment":[{"href":"https:\/\/www.caririemacao.com\/1\/wp-json\/wp\/v2\/media?parent=117044"}],"wp:term":[{"taxonomy":"category","embeddable":true,"href":"https:\/\/www.caririemacao.com\/1\/wp-json\/wp\/v2\/categories?post=117044"},{"taxonomy":"post_tag","embeddable":true,"href":"https:\/\/www.caririemacao.com\/1\/wp-json\/wp\/v2\/tags?post=117044"}],"curies":[{"name":"wp","href":"https:\/\/api.w.org\/{rel}","templated":true}]}}