{"id":117054,"date":"2019-09-16T22:42:26","date_gmt":"2019-09-17T01:42:26","guid":{"rendered":"http:\/\/www.caririemacao.com\/1\/?p=117054"},"modified":"2019-09-16T22:42:26","modified_gmt":"2019-09-17T01:42:26","slug":"santifik-se-consolida-como-um-dos-maiores-eventos-religiosos-da-paraiba","status":"publish","type":"post","link":"https:\/\/www.caririemacao.com\/1\/2019\/09\/16\/santifik-se-consolida-como-um-dos-maiores-eventos-religiosos-da-paraiba\/","title":{"rendered":"Santifik se consolida como um dos maiores eventos religiosos da Para\u00edba"},"content":{"rendered":"\n<p>Com o tema \u201cN\u00e3o h\u00e1 o que temer se Jesus est\u00e1\u201d e j\u00e1 \u00e9 em sua sexta edi\u00e7\u00e3o, o SANTIFIK, um retiro aberto, iniciado em 2014 com 456 fi\u00e9is de participa\u00e7\u00e3o, neste ano superou os anos anteriores e se consolidou como um dos maiores eventos religiosos da Para\u00edba.<\/p>\n\n\n\n<figure class=\"wp-block-image\"><img fetchpriority=\"high\" decoding=\"async\" width=\"960\" height=\"640\" src=\"http:\/\/www.caririemacao.com\/1\/wp-content\/uploads\/2019\/09\/70780770_1649534128515937_5087046195520471040_n.jpg\" alt=\"\" class=\"wp-image-117057\" srcset=\"https:\/\/www.caririemacao.com\/1\/wp-content\/uploads\/2019\/09\/70780770_1649534128515937_5087046195520471040_n.jpg 960w, https:\/\/www.caririemacao.com\/1\/wp-content\/uploads\/2019\/09\/70780770_1649534128515937_5087046195520471040_n-300x200.jpg 300w, https:\/\/www.caririemacao.com\/1\/wp-content\/uploads\/2019\/09\/70780770_1649534128515937_5087046195520471040_n-768x512.jpg 768w\" sizes=\"(max-width: 960px) 100vw, 960px\" \/><\/figure>\n\n\n\n<p>O evento realizado entre os dias 13, 14 e 15, atraiu milhares de fi\u00e9is para a cidade de Prata, interior do estado, foi destinado a todos as pessoas que necessitavam ter um encontro pessoal com o Senhor Jesus. <\/p>\n\n\n\n<figure class=\"wp-block-image\"><img decoding=\"async\" width=\"960\" height=\"640\" data-src=\"http:\/\/www.caririemacao.com\/1\/wp-content\/uploads\/2019\/09\/70556576_2719126468106972_6027919967813369856_n.jpg\" alt=\"\" class=\"wp-image-117061 lazyload\" data-srcset=\"https:\/\/www.caririemacao.com\/1\/wp-content\/uploads\/2019\/09\/70556576_2719126468106972_6027919967813369856_n.jpg 960w, https:\/\/www.caririemacao.com\/1\/wp-content\/uploads\/2019\/09\/70556576_2719126468106972_6027919967813369856_n-300x200.jpg 300w, https:\/\/www.caririemacao.com\/1\/wp-content\/uploads\/2019\/09\/70556576_2719126468106972_6027919967813369856_n-768x512.jpg 768w\" data-sizes=\"(max-width: 960px) 100vw, 960px\" src=\"data:image\/svg+xml;base64,PHN2ZyB3aWR0aD0iMSIgaGVpZ2h0PSIxIiB4bWxucz0iaHR0cDovL3d3dy53My5vcmcvMjAwMC9zdmciPjwvc3ZnPg==\" style=\"--smush-placeholder-width: 960px; --smush-placeholder-aspect-ratio: 960\/640;\" \/><\/figure>\n\n\n\n<p>O p\u00fablico presente tiveram a oportunidade de acompanhar as prega\u00e7\u00f5es de Rogerinha Moreira \u2013 Can\u00e7\u00e3o Nova\/SP, Pe. Alu\u00edzio Ricardo \u2013 Can\u00e7\u00e3o Nova\/PE, Pe. Fabr\u00edcio Dias \u2013 Dioc. Patos\/PB, Renilson G\u00f3is \u2013 Can\u00e7\u00e3o Nova\/PE, Bianca Campos \u2013 Can\u00e7\u00e3o Nova\/PE e Pe. Eude Ara\u00fajo, p\u00e1roco da Paroquia Nossa Senhora do Ros\u00e1rio \u2013 Prata, PB.<\/p>\n\n\n\n<figure class=\"wp-block-image\"><img decoding=\"async\" width=\"960\" height=\"640\" data-src=\"http:\/\/www.caririemacao.com\/1\/wp-content\/uploads\/2019\/09\/70333198_2719129451440007_2528375705884950528_n.jpg\" alt=\"\" class=\"wp-image-117060 lazyload\" data-srcset=\"https:\/\/www.caririemacao.com\/1\/wp-content\/uploads\/2019\/09\/70333198_2719129451440007_2528375705884950528_n.jpg 960w, https:\/\/www.caririemacao.com\/1\/wp-content\/uploads\/2019\/09\/70333198_2719129451440007_2528375705884950528_n-300x200.jpg 300w, https:\/\/www.caririemacao.com\/1\/wp-content\/uploads\/2019\/09\/70333198_2719129451440007_2528375705884950528_n-768x512.jpg 768w\" data-sizes=\"(max-width: 960px) 100vw, 960px\" src=\"data:image\/svg+xml;base64,PHN2ZyB3aWR0aD0iMSIgaGVpZ2h0PSIxIiB4bWxucz0iaHR0cDovL3d3dy53My5vcmcvMjAwMC9zdmciPjwvc3ZnPg==\" style=\"--smush-placeholder-width: 960px; --smush-placeholder-aspect-ratio: 960\/640;\" \/><\/figure>\n\n\n\n<p>Al\u00e9m do espa\u00e7o do Santifik tamb\u00e9m foi realizado em local pr\u00f3ximo o \u201cSantifikids\u201d destinado ao p\u00fablico infantil com prega\u00e7\u00f5es, ora\u00e7\u00f5es e brincadeiras visando assim evangelizar os pequenos.<\/p>\n\n\n\n<figure class=\"wp-block-image\"><img decoding=\"async\" width=\"960\" height=\"640\" data-src=\"http:\/\/www.caririemacao.com\/1\/wp-content\/uploads\/2019\/09\/70124386_1649532738516076_1327670864749002752_n.jpg\" alt=\"\" class=\"wp-image-117056 lazyload\" data-srcset=\"https:\/\/www.caririemacao.com\/1\/wp-content\/uploads\/2019\/09\/70124386_1649532738516076_1327670864749002752_n.jpg 960w, https:\/\/www.caririemacao.com\/1\/wp-content\/uploads\/2019\/09\/70124386_1649532738516076_1327670864749002752_n-300x200.jpg 300w, https:\/\/www.caririemacao.com\/1\/wp-content\/uploads\/2019\/09\/70124386_1649532738516076_1327670864749002752_n-768x512.jpg 768w\" data-sizes=\"(max-width: 960px) 100vw, 960px\" src=\"data:image\/svg+xml;base64,PHN2ZyB3aWR0aD0iMSIgaGVpZ2h0PSIxIiB4bWxucz0iaHR0cDovL3d3dy53My5vcmcvMjAwMC9zdmciPjwvc3ZnPg==\" style=\"--smush-placeholder-width: 960px; --smush-placeholder-aspect-ratio: 960\/640;\" \/><\/figure>\n\n\n\n<figure class=\"wp-block-image\"><img decoding=\"async\" width=\"960\" height=\"640\" data-src=\"http:\/\/www.caririemacao.com\/1\/wp-content\/uploads\/2019\/09\/69905199_1649537848515565_2366284855609655296_n.jpg\" alt=\"\" class=\"wp-image-117055 lazyload\" data-srcset=\"https:\/\/www.caririemacao.com\/1\/wp-content\/uploads\/2019\/09\/69905199_1649537848515565_2366284855609655296_n.jpg 960w, https:\/\/www.caririemacao.com\/1\/wp-content\/uploads\/2019\/09\/69905199_1649537848515565_2366284855609655296_n-300x200.jpg 300w, https:\/\/www.caririemacao.com\/1\/wp-content\/uploads\/2019\/09\/69905199_1649537848515565_2366284855609655296_n-768x512.jpg 768w\" data-sizes=\"(max-width: 960px) 100vw, 960px\" src=\"data:image\/svg+xml;base64,PHN2ZyB3aWR0aD0iMSIgaGVpZ2h0PSIxIiB4bWxucz0iaHR0cDovL3d3dy53My5vcmcvMjAwMC9zdmciPjwvc3ZnPg==\" style=\"--smush-placeholder-width: 960px; --smush-placeholder-aspect-ratio: 960\/640;\" \/><\/figure>\n\n\n\n<figure class=\"wp-block-image\"><img decoding=\"async\" width=\"960\" height=\"640\" data-src=\"http:\/\/www.caririemacao.com\/1\/wp-content\/uploads\/2019\/09\/70155750_2719127181440234_6700670300595421184_n.jpg\" alt=\"\" class=\"wp-image-117062 lazyload\" data-srcset=\"https:\/\/www.caririemacao.com\/1\/wp-content\/uploads\/2019\/09\/70155750_2719127181440234_6700670300595421184_n.jpg 960w, https:\/\/www.caririemacao.com\/1\/wp-content\/uploads\/2019\/09\/70155750_2719127181440234_6700670300595421184_n-300x200.jpg 300w, https:\/\/www.caririemacao.com\/1\/wp-content\/uploads\/2019\/09\/70155750_2719127181440234_6700670300595421184_n-768x512.jpg 768w\" data-sizes=\"(max-width: 960px) 100vw, 960px\" src=\"data:image\/svg+xml;base64,PHN2ZyB3aWR0aD0iMSIgaGVpZ2h0PSIxIiB4bWxucz0iaHR0cDovL3d3dy53My5vcmcvMjAwMC9zdmciPjwvc3ZnPg==\" style=\"--smush-placeholder-width: 960px; --smush-placeholder-aspect-ratio: 960\/640;\" \/><\/figure>\n\n\n\n<figure class=\"wp-block-image\"><img decoding=\"async\" width=\"960\" height=\"640\" data-src=\"http:\/\/www.caririemacao.com\/1\/wp-content\/uploads\/2019\/09\/70142494_2719118038107815_3845634028015190016_n.jpg\" alt=\"\" class=\"wp-image-117059 lazyload\" data-srcset=\"https:\/\/www.caririemacao.com\/1\/wp-content\/uploads\/2019\/09\/70142494_2719118038107815_3845634028015190016_n.jpg 960w, https:\/\/www.caririemacao.com\/1\/wp-content\/uploads\/2019\/09\/70142494_2719118038107815_3845634028015190016_n-300x200.jpg 300w, https:\/\/www.caririemacao.com\/1\/wp-content\/uploads\/2019\/09\/70142494_2719118038107815_3845634028015190016_n-768x512.jpg 768w\" data-sizes=\"(max-width: 960px) 100vw, 960px\" src=\"data:image\/svg+xml;base64,PHN2ZyB3aWR0aD0iMSIgaGVpZ2h0PSIxIiB4bWxucz0iaHR0cDovL3d3dy53My5vcmcvMjAwMC9zdmciPjwvc3ZnPg==\" style=\"--smush-placeholder-width: 960px; --smush-placeholder-aspect-ratio: 960\/640;\" \/><\/figure>\n","protected":false},"excerpt":{"rendered":"<p>Com o tema \u201cN\u00e3o h\u00e1 o que temer se Jesus est\u00e1\u201d e j\u00e1 \u00e9 em sua sexta edi\u00e7\u00e3o, o SANTIFIK, um retiro aberto, iniciado em&hellip; <\/p>\n","protected":false},"author":2,"featured_media":117058,"comment_status":"closed","ping_status":"closed","sticky":false,"template":"","format":"standard","meta":{"sfsi_plus_gutenberg_text_before_share":"","sfsi_plus_gutenberg_show_text_before_share":"","sfsi_plus_gutenberg_icon_type":"","sfsi_plus_gutenberg_icon_alignemt":"","sfsi_plus_gutenburg_max_per_row":"","footnotes":""},"categories":[50,2],"tags":[],"class_list":["post-117054","post","type-post","status-publish","format-standard","has-post-thumbnail","hentry","category-destaque","category-geral"],"_links":{"self":[{"href":"https:\/\/www.caririemacao.com\/1\/wp-json\/wp\/v2\/posts\/117054","targetHints":{"allow":["GET"]}}],"collection":[{"href":"https:\/\/www.caririemacao.com\/1\/wp-json\/wp\/v2\/posts"}],"about":[{"href":"https:\/\/www.caririemacao.com\/1\/wp-json\/wp\/v2\/types\/post"}],"author":[{"embeddable":true,"href":"https:\/\/www.caririemacao.com\/1\/wp-json\/wp\/v2\/users\/2"}],"replies":[{"embeddable":true,"href":"https:\/\/www.caririemacao.com\/1\/wp-json\/wp\/v2\/comments?post=117054"}],"version-history":[{"count":1,"href":"https:\/\/www.caririemacao.com\/1\/wp-json\/wp\/v2\/posts\/117054\/revisions"}],"predecessor-version":[{"id":117063,"href":"https:\/\/www.caririemacao.com\/1\/wp-json\/wp\/v2\/posts\/117054\/revisions\/117063"}],"wp:featuredmedia":[{"embeddable":true,"href":"https:\/\/www.caririemacao.com\/1\/wp-json\/wp\/v2\/media\/117058"}],"wp:attachment":[{"href":"https:\/\/www.caririemacao.com\/1\/wp-json\/wp\/v2\/media?parent=117054"}],"wp:term":[{"taxonomy":"category","embeddable":true,"href":"https:\/\/www.caririemacao.com\/1\/wp-json\/wp\/v2\/categories?post=117054"},{"taxonomy":"post_tag","embeddable":true,"href":"https:\/\/www.caririemacao.com\/1\/wp-json\/wp\/v2\/tags?post=117054"}],"curies":[{"name":"wp","href":"https:\/\/api.w.org\/{rel}","templated":true}]}}