{"id":117065,"date":"2019-09-16T23:06:16","date_gmt":"2019-09-17T02:06:16","guid":{"rendered":"http:\/\/www.caririemacao.com\/1\/?p=117065"},"modified":"2019-09-16T23:06:16","modified_gmt":"2019-09-17T02:06:16","slug":"congo-escola-manoel-alves-campos-promove-dia-de-mobilizacao-escolar","status":"publish","type":"post","link":"https:\/\/www.caririemacao.com\/1\/2019\/09\/16\/congo-escola-manoel-alves-campos-promove-dia-de-mobilizacao-escolar\/","title":{"rendered":"CONGO: Escola Manoel Alves Campos promove Dia de Mobiliza\u00e7\u00e3o Escolar"},"content":{"rendered":"\n<p>A Escola Estadual Manoel Alves Campos na cidade de Congo, interior\nda Para\u00edba, realizou no \u00faltimo s\u00e1bado (14) o Dia de Mobiliza\u00e7\u00e3o Escolar, a\u00e7\u00e3o\nque aconteceu em todas as escolas da Rede Estadual da Para\u00edba.<\/p>\n\n\n\n<p>De acordo com a diretora do educand\u00e1rio, Ana Rita, dentro da programa\u00e7\u00e3o foram realizados simulados destinados \u00e0 prepara\u00e7\u00e3o dos estudantes para a avalia\u00e7\u00e3o do \u00cdndice de Desenvolvimento da Educa\u00e7\u00e3o B\u00e1sica (IDEB) e para o \u00cdndice de Desenvolvimento da Educa\u00e7\u00e3o da Para\u00edba (IDEPB).\u00a0 <\/p>\n\n\n\n<figure class=\"wp-block-image\"><img fetchpriority=\"high\" decoding=\"async\" width=\"1024\" height=\"768\" src=\"http:\/\/www.caririemacao.com\/1\/wp-content\/uploads\/2019\/09\/WhatsApp-Image-2019-09-14-at-08.46.24-1-1024x768.jpeg\" alt=\"\" class=\"wp-image-117067\" srcset=\"https:\/\/www.caririemacao.com\/1\/wp-content\/uploads\/2019\/09\/WhatsApp-Image-2019-09-14-at-08.46.24-1-1024x768.jpeg 1024w, https:\/\/www.caririemacao.com\/1\/wp-content\/uploads\/2019\/09\/WhatsApp-Image-2019-09-14-at-08.46.24-1-300x225.jpeg 300w, https:\/\/www.caririemacao.com\/1\/wp-content\/uploads\/2019\/09\/WhatsApp-Image-2019-09-14-at-08.46.24-1-768x576.jpeg 768w, https:\/\/www.caririemacao.com\/1\/wp-content\/uploads\/2019\/09\/WhatsApp-Image-2019-09-14-at-08.46.24-1.jpeg 1280w\" sizes=\"(max-width: 1024px) 100vw, 1024px\" \/><\/figure>\n\n\n\n<p>\u201cA educa\u00e7\u00e3o \u00e9 a constru\u00e7\u00e3o de todos, esse momento foi uma\noportunidade para os estudantes de aperfei\u00e7oarmos nos estudos, um dia diferente\npara que tamb\u00e9m pudessem se preparar para o IDEB e IDEPB\u201d, falou a diretora.<\/p>\n","protected":false},"excerpt":{"rendered":"<p>A Escola Estadual Manoel Alves Campos na cidade de Congo, interior da Para\u00edba, realizou no \u00faltimo s\u00e1bado (14) o Dia de Mobiliza\u00e7\u00e3o Escolar, a\u00e7\u00e3o que&hellip; <\/p>\n","protected":false},"author":2,"featured_media":117066,"comment_status":"closed","ping_status":"closed","sticky":false,"template":"","format":"standard","meta":{"sfsi_plus_gutenberg_text_before_share":"","sfsi_plus_gutenberg_show_text_before_share":"","sfsi_plus_gutenberg_icon_type":"","sfsi_plus_gutenberg_icon_alignemt":"","sfsi_plus_gutenburg_max_per_row":"","footnotes":""},"categories":[50,14],"tags":[],"class_list":["post-117065","post","type-post","status-publish","format-standard","has-post-thumbnail","hentry","category-destaque","category-educacao"],"_links":{"self":[{"href":"https:\/\/www.caririemacao.com\/1\/wp-json\/wp\/v2\/posts\/117065","targetHints":{"allow":["GET"]}}],"collection":[{"href":"https:\/\/www.caririemacao.com\/1\/wp-json\/wp\/v2\/posts"}],"about":[{"href":"https:\/\/www.caririemacao.com\/1\/wp-json\/wp\/v2\/types\/post"}],"author":[{"embeddable":true,"href":"https:\/\/www.caririemacao.com\/1\/wp-json\/wp\/v2\/users\/2"}],"replies":[{"embeddable":true,"href":"https:\/\/www.caririemacao.com\/1\/wp-json\/wp\/v2\/comments?post=117065"}],"version-history":[{"count":1,"href":"https:\/\/www.caririemacao.com\/1\/wp-json\/wp\/v2\/posts\/117065\/revisions"}],"predecessor-version":[{"id":117068,"href":"https:\/\/www.caririemacao.com\/1\/wp-json\/wp\/v2\/posts\/117065\/revisions\/117068"}],"wp:featuredmedia":[{"embeddable":true,"href":"https:\/\/www.caririemacao.com\/1\/wp-json\/wp\/v2\/media\/117066"}],"wp:attachment":[{"href":"https:\/\/www.caririemacao.com\/1\/wp-json\/wp\/v2\/media?parent=117065"}],"wp:term":[{"taxonomy":"category","embeddable":true,"href":"https:\/\/www.caririemacao.com\/1\/wp-json\/wp\/v2\/categories?post=117065"},{"taxonomy":"post_tag","embeddable":true,"href":"https:\/\/www.caririemacao.com\/1\/wp-json\/wp\/v2\/tags?post=117065"}],"curies":[{"name":"wp","href":"https:\/\/api.w.org\/{rel}","templated":true}]}}