{"id":117097,"date":"2019-09-17T08:44:22","date_gmt":"2019-09-17T11:44:22","guid":{"rendered":"http:\/\/www.caririemacao.com\/1\/?p=117097"},"modified":"2019-09-17T08:44:22","modified_gmt":"2019-09-17T11:44:22","slug":"bolsonaro-diz-que-petrobras-nao-deve-mexer-no-preco-do-combustivel","status":"publish","type":"post","link":"https:\/\/www.caririemacao.com\/1\/2019\/09\/17\/bolsonaro-diz-que-petrobras-nao-deve-mexer-no-preco-do-combustivel\/","title":{"rendered":"Bolsonaro diz que Petrobras n\u00e3o deve mexer no pre\u00e7o do combust\u00edvel"},"content":{"rendered":"\n<p>\u00a0O presidente Jair Bolsonaro confirmou na noite desta segunda-feira, 16, que a Petrobras vai segurar o pre\u00e7o da gasolina, apesar da disparada no valor do petr\u00f3leo ap\u00f3s os ataques a refinarias na Ar\u00e1bia Saudita, ocorridos no fim de semana. Bolsonaro afirmou, em entrevista \u00e0 RecordTV, que conversou sobre o assunto com o presidente da estatal, Roberto Castello Branco.<\/p>\n\n\n\n<p>Bolsonaro disse que a tend\u00eancia natural seria seguir o pre\u00e7o internacional, que \u201cviria para a refinaria, para a bomba no final das contas\u201d.&nbsp;<\/p>\n\n\n\n<p>\u201cO governo federal j\u00e1 zerou seu imposto federal, que \u00e9 a Cide (Contribui\u00e7\u00e3o de Interven\u00e7\u00e3o no Dom\u00ednio Econ\u00f4mico). N\u00e3o podemos exigir nada dos governadores no tocante a ICMS (Imposto sobre Circula\u00e7\u00e3o de Mercadorias e Servi\u00e7os)\u201d, disse o presidente.<\/p>\n\n\n\n<p>\u201cMas, o que acontece\u2026 Conversei com o presidente da Petrobras e ele disse que, como \u00e9 algo at\u00edpico e tem um fim para acabar, ele n\u00e3o deve mexer no pre\u00e7o do combust\u00edvel\u201d, declarou Bolsonaro.<\/p>\n\n\n\n<p>O presidente declarou que n\u00e3o ir\u00e1 insistir na cria\u00e7\u00e3o de um imposto nos moldes da Contribui\u00e7\u00e3o Provis\u00f3ria sobre Movimenta\u00e7\u00e3o Financeira (CPMF). Bolsonaro afirmou que at\u00e9 se pode falar em CPMF e deixar o povo discutir, mas \u201cn\u00e3o pode ser uma proposta de governo\u201d.<\/p>\n\n\n\n<p>Ele disse que o ent\u00e3o secret\u00e1rio especial da Receita Federal, Marcos Cintra, ficou \u201cinsustent\u00e1vel\u201d no cargo depois de defender a cria\u00e7\u00e3o de uma nova CPMF e que quem o exonerou foi o ministro da Economia, Paulo Guedes. Cintra foi demitido na semana passada.<\/p>\n\n\n\n<p>Bolsonaro afirmou ainda esperar um \u201cimpacto muito r\u00e1pido\u201d na economia com os saques de R$ 500 do Fundo de Garantia do Tempo de Servi\u00e7o (FGTS), que come\u00e7aram no fim de semana. Segundo o presidente, a situa\u00e7\u00e3o econ\u00f4mica n\u00e3o est\u00e1 ainda nos n\u00edveis que ele esperava.<\/p>\n\n\n\n<p>Carlos e a democracia<\/p>\n\n\n\n<p>Jair Bolsonaro tamb\u00e9m disse que o vereador do Rio Carlos Bolsonaro (PSL), seu filho, teve raz\u00e3o ao afirmar numa postagem recente no Twitter que, \u201cpor vias democr\u00e1ticas, a transforma\u00e7\u00e3o que o Brasil quer n\u00e3o acontecer\u00e1 no ritmo que almejamos\u201d.<\/p>\n\n\n\n<p>\u201c\u00c9 uma opini\u00e3o dele e ele tem raz\u00e3o\u201d, disse o presidente, em entrevista \u00e0 RecordTV. \u201cSe fosse em Cuba ou na Coreia do Norte, j\u00e1 n\u00e3o teria aprovado tudo quanto \u00e9 reforma, sem Parlamento?\u201d, questionou. De acordo com Bolsonaro, a transforma\u00e7\u00e3o mencionada pelo filho demora porque tem a \u201cdiscuss\u00e3o, e isso \u00e9 natural\u201d. \u201cEle at\u00e9 falou o \u00f3bvio\u201d, disse. \u201cPelo amor de Deus, h\u00e1 alguma manifesta\u00e7\u00e3o minha, dizendo que a democracia n\u00e3o pode ser feita diferente?\u201d<\/p>\n\n\n\n<p>O presidente disse que muitos o pressionam como se ele tivesse o poder de influenciar o Parlamento brasileiro. \u201cN\u00e3o tenho esse poder e nem quero ter esse poder em nome da democracia\u201d, declarou.<\/p>\n\n\n\n<p>Reforma da Previd\u00eancia<\/p>\n\n\n\n<p>Sobre a reforma da Previd\u00eancia, que tramita no Senado, Bolsonaro declarou que, \u201cse Deus quiser, este m\u00eas, tudo ser\u00e1 resolvido\u201d. \u201cH\u00e1 quantos anos tentaram fazer uma reforma da Previd\u00eancia pr\u00f3xima da nossa e n\u00e3o conseguiram?\u201d, perguntou.<\/p>\n\n\n\n<p>Discurso na ONU<\/p>\n\n\n\n<p>O discurso que o presidente Jair Bolsonaro far\u00e1 na abertura da Assembleia Geral da Organiza\u00e7\u00e3o das Na\u00e7\u00f5es Unidas (ONU), na pr\u00f3xima semana, em Nova York, ser\u00e1 \u201cconciliat\u00f3rio\u201d, mas reafirmar\u00e1 \u201ca quest\u00e3o da nossa soberania e do potencial que o Brasil representa para o mundo\u201d. O presidente prometeu um pronunciamento \u201cdiferente\u201d dos feitos pelos presidentes que o antecederam na ONU. \u201cJ\u00e1 comecei a rascunhar o discurso\u201d, afirmou.<\/p>\n\n\n\n<p>Ele confirmou que no dia 23 decolar\u00e1 para os Estados Unidos para a abertura da Assembleia Geral da ONU. \u201cEu tenho que estar preparado para justamente sustentar um discurso de 20 minutos. Eu falei um tempo atr\u00e1s que iria de qualquer maneira, nem se fosse de cadeira de rodas, com todo o respeito aos cadeirantes, e, gra\u00e7as a Deus, isso vai ser poss\u00edvel\u201d, assegurou.<\/p>\n\n\n\n<p>Bolsonaro afirmou ainda que despachar\u00e1, a partir desta ter\u00e7a-feira, 17, do Pal\u00e1cio da Alvorada, resid\u00eancia oficial. \u201cJ\u00e1 estou angustiado e quero participar da vida ativa do Brasil\u201d, disse. O presidente disse que \u201cconseguiu\u201d dos m\u00e9dicos que n\u00e3o fosse para o Pal\u00e1cio do Planalto e ficasse no Alvorada, por enquanto.<\/p>\n","protected":false},"excerpt":{"rendered":"<p>\u00a0O presidente Jair Bolsonaro confirmou na noite desta segunda-feira, 16, que a Petrobras vai segurar o pre\u00e7o da gasolina, apesar da disparada no valor do&hellip; <\/p>\n","protected":false},"author":1,"featured_media":111985,"comment_status":"closed","ping_status":"closed","sticky":false,"template":"","format":"standard","meta":{"sfsi_plus_gutenberg_text_before_share":"","sfsi_plus_gutenberg_show_text_before_share":"","sfsi_plus_gutenberg_icon_type":"","sfsi_plus_gutenberg_icon_alignemt":"","sfsi_plus_gutenburg_max_per_row":"","footnotes":""},"categories":[11],"tags":[],"class_list":["post-117097","post","type-post","status-publish","format-standard","has-post-thumbnail","hentry","category-politica"],"_links":{"self":[{"href":"https:\/\/www.caririemacao.com\/1\/wp-json\/wp\/v2\/posts\/117097","targetHints":{"allow":["GET"]}}],"collection":[{"href":"https:\/\/www.caririemacao.com\/1\/wp-json\/wp\/v2\/posts"}],"about":[{"href":"https:\/\/www.caririemacao.com\/1\/wp-json\/wp\/v2\/types\/post"}],"author":[{"embeddable":true,"href":"https:\/\/www.caririemacao.com\/1\/wp-json\/wp\/v2\/users\/1"}],"replies":[{"embeddable":true,"href":"https:\/\/www.caririemacao.com\/1\/wp-json\/wp\/v2\/comments?post=117097"}],"version-history":[{"count":1,"href":"https:\/\/www.caririemacao.com\/1\/wp-json\/wp\/v2\/posts\/117097\/revisions"}],"predecessor-version":[{"id":117100,"href":"https:\/\/www.caririemacao.com\/1\/wp-json\/wp\/v2\/posts\/117097\/revisions\/117100"}],"wp:featuredmedia":[{"embeddable":true,"href":"https:\/\/www.caririemacao.com\/1\/wp-json\/wp\/v2\/media\/111985"}],"wp:attachment":[{"href":"https:\/\/www.caririemacao.com\/1\/wp-json\/wp\/v2\/media?parent=117097"}],"wp:term":[{"taxonomy":"category","embeddable":true,"href":"https:\/\/www.caririemacao.com\/1\/wp-json\/wp\/v2\/categories?post=117097"},{"taxonomy":"post_tag","embeddable":true,"href":"https:\/\/www.caririemacao.com\/1\/wp-json\/wp\/v2\/tags?post=117097"}],"curies":[{"name":"wp","href":"https:\/\/api.w.org\/{rel}","templated":true}]}}