{"id":117143,"date":"2019-09-17T08:55:18","date_gmt":"2019-09-17T11:55:18","guid":{"rendered":"http:\/\/www.caririemacao.com\/1\/?p=117143"},"modified":"2019-09-17T08:55:18","modified_gmt":"2019-09-17T11:55:18","slug":"policia-faz-busca-e-apreensao-em-enderecos-de-flordelis","status":"publish","type":"post","link":"https:\/\/www.caririemacao.com\/1\/2019\/09\/17\/policia-faz-busca-e-apreensao-em-enderecos-de-flordelis\/","title":{"rendered":"Pol\u00edcia faz busca e apreens\u00e3o em endere\u00e7os de Flordelis"},"content":{"rendered":"\n<p>\u00a0\u00c1 Delegacia de Homic\u00eddios de Niter\u00f3i, S\u00e3o Gon\u00e7alo e Itabora\u00ed deflagrou na manh\u00e3 de hoje (17) uma opera\u00e7\u00e3o para cumprir mandados de busca e apreens\u00e3o em endere\u00e7os ligados \u00e0 deputada federal Flordelis.<\/p>\n\n\n\n<p>A a\u00e7\u00e3o faz parte das investiga\u00e7\u00f5es sobre o assassinato do marido da deputada, o pastor Anderson do Carmo, no dia 16 de junho.&nbsp;<a href=\"http:\/\/agenciabrasil.ebc.com.br\/geral\/noticia\/2019-08\/justica-aceita-denuncia-e-decreta-prisao-preventiva-contra-dois-filhos\" target=\"_blank\" rel=\"noreferrer noopener\">Dois filhos do casal<\/a>, Fl\u00e1vio dos Santos Rodrigues e Lucas Cezar dos Santos de Souza, foram presos no dia 20 de junho pelo crime e tiveram a pris\u00e3o preventiva decretada em 17 de agosto.<\/p>\n\n\n\n<p>As buscas ocorrem em quatro endere\u00e7os da parlamentar: o apartamento funcional em Bras\u00edlia, a casa em Niter\u00f3i, o gabinete no Rio de Janeiro e um im\u00f3vel da fam\u00edlia em Jacarepagu\u00e1, Zona Oeste do Rio. O objetivo \u00e9 apreender celulares, computadores e documentos que possam contribuir para as investiga\u00e7\u00f5es.<\/p>\n","protected":false},"excerpt":{"rendered":"<p>\u00a0\u00c1 Delegacia de Homic\u00eddios de Niter\u00f3i, S\u00e3o Gon\u00e7alo e Itabora\u00ed deflagrou na manh\u00e3 de hoje (17) uma opera\u00e7\u00e3o para cumprir mandados de busca e apreens\u00e3o&hellip; <\/p>\n","protected":false},"author":1,"featured_media":110563,"comment_status":"closed","ping_status":"closed","sticky":false,"template":"","format":"standard","meta":{"sfsi_plus_gutenberg_text_before_share":"","sfsi_plus_gutenberg_show_text_before_share":"","sfsi_plus_gutenberg_icon_type":"","sfsi_plus_gutenberg_icon_alignemt":"","sfsi_plus_gutenburg_max_per_row":"","footnotes":""},"categories":[12],"tags":[],"class_list":["post-117143","post","type-post","status-publish","format-standard","has-post-thumbnail","hentry","category-policia"],"_links":{"self":[{"href":"https:\/\/www.caririemacao.com\/1\/wp-json\/wp\/v2\/posts\/117143","targetHints":{"allow":["GET"]}}],"collection":[{"href":"https:\/\/www.caririemacao.com\/1\/wp-json\/wp\/v2\/posts"}],"about":[{"href":"https:\/\/www.caririemacao.com\/1\/wp-json\/wp\/v2\/types\/post"}],"author":[{"embeddable":true,"href":"https:\/\/www.caririemacao.com\/1\/wp-json\/wp\/v2\/users\/1"}],"replies":[{"embeddable":true,"href":"https:\/\/www.caririemacao.com\/1\/wp-json\/wp\/v2\/comments?post=117143"}],"version-history":[{"count":1,"href":"https:\/\/www.caririemacao.com\/1\/wp-json\/wp\/v2\/posts\/117143\/revisions"}],"predecessor-version":[{"id":117145,"href":"https:\/\/www.caririemacao.com\/1\/wp-json\/wp\/v2\/posts\/117143\/revisions\/117145"}],"wp:featuredmedia":[{"embeddable":true,"href":"https:\/\/www.caririemacao.com\/1\/wp-json\/wp\/v2\/media\/110563"}],"wp:attachment":[{"href":"https:\/\/www.caririemacao.com\/1\/wp-json\/wp\/v2\/media?parent=117143"}],"wp:term":[{"taxonomy":"category","embeddable":true,"href":"https:\/\/www.caririemacao.com\/1\/wp-json\/wp\/v2\/categories?post=117143"},{"taxonomy":"post_tag","embeddable":true,"href":"https:\/\/www.caririemacao.com\/1\/wp-json\/wp\/v2\/tags?post=117143"}],"curies":[{"name":"wp","href":"https:\/\/api.w.org\/{rel}","templated":true}]}}