{"id":117152,"date":"2019-09-17T08:56:49","date_gmt":"2019-09-17T11:56:49","guid":{"rendered":"http:\/\/www.caririemacao.com\/1\/?p=117152"},"modified":"2019-09-17T08:56:49","modified_gmt":"2019-09-17T11:56:49","slug":"japao-fabricara-roupas-a-partir-de-garrafas-de-plastico-recicladas","status":"publish","type":"post","link":"https:\/\/www.caririemacao.com\/1\/2019\/09\/17\/japao-fabricara-roupas-a-partir-de-garrafas-de-plastico-recicladas\/","title":{"rendered":"Jap\u00e3o fabricar\u00e1 roupas a partir de garrafas de pl\u00e1stico recicladas"},"content":{"rendered":"\n<p>A partir da primavera do ano que vem, uma gigante japonesa do setor de roupas do Jap\u00e3o planeja vender produtos feitos com fibras provenientes da reciclagem de garrafas de pl\u00e1stico.<\/p>\n\n\n\n<p>A operadora e uma empresa t\u00eaxtil e qu\u00edmica anunciaram que v\u00e3o desenvolver conjuntamente tecidos que secam com facilidade de fibras de poli\u00e9ster feitas a partir de garrafas PET.<\/p>\n\n\n\n<figure class=\"wp-block-image\"><img decoding=\"async\" data-src=\"http:\/\/imagens.ebc.com.br\/8k6G6ItrvA7uQZ23LZea5_d-tUo=\/754x0\/smart\/http:\/\/agenciabrasil.ebc.com.br\/sites\/default\/files\/atoms\/image\/962466-_abr7008.jpg?itok=LsL8aw-1\" alt=\"Atletas e ambientalistas protestam na praia de Botafogo contra polui\u00e7\u00e3o da Ba\u00eda de Guanabara, local das provas de vela nos Jogos Ol\u00edmpicos de 2016 (Fernando Fraz\u00e3o\/Ag\u00eancia Brasil)\" src=\"data:image\/svg+xml;base64,PHN2ZyB3aWR0aD0iMSIgaGVpZ2h0PSIxIiB4bWxucz0iaHR0cDovL3d3dy53My5vcmcvMjAwMC9zdmciPjwvc3ZnPg==\" class=\"lazyload\" \/><\/figure>\n\n\n\n<p>Japoneses desenvolvem estudos para fabricar roupas a partir da reciclagem de garrafas de pl\u00e1stico<strong>&nbsp;&nbsp;&nbsp;&nbsp;&nbsp; (Arquivo\/ Fernando Fraz\u00e3o\/Ag\u00eancia Brasil)<\/strong><\/p>\n\n\n\n<p>O presidente da operadora, Tadashi Yanai, disse: &#8220;Nossa meta \u00e9 ir al\u00e9m dos conceitos tradicionais de moda e vestu\u00e1rio. Queremos criar roupas completamente novas. Estamos trabalhando nisso h\u00e1 mais de 30 anos. Essa atitude n\u00e3o vai mudar.&#8221;<\/p>\n\n\n\n<p>Funcion\u00e1rios da empresa dizem ter conseguido aperfei\u00e7oar a tecnologia de remo\u00e7\u00e3o de impurezas das garrafas, permitindo a fabrica\u00e7\u00e3o de fibras particularmente finas que, segundo eles, podem ser utilizadas em produtos altamente funcionais.<\/p>\n","protected":false},"excerpt":{"rendered":"<p>A partir da primavera do ano que vem, uma gigante japonesa do setor de roupas do Jap\u00e3o planeja vender produtos feitos com fibras provenientes da&hellip; <\/p>\n","protected":false},"author":1,"featured_media":94641,"comment_status":"closed","ping_status":"closed","sticky":false,"template":"","format":"standard","meta":{"sfsi_plus_gutenberg_text_before_share":"","sfsi_plus_gutenberg_show_text_before_share":"","sfsi_plus_gutenberg_icon_type":"","sfsi_plus_gutenberg_icon_alignemt":"","sfsi_plus_gutenburg_max_per_row":"","footnotes":""},"categories":[2],"tags":[],"class_list":["post-117152","post","type-post","status-publish","format-standard","has-post-thumbnail","hentry","category-geral"],"_links":{"self":[{"href":"https:\/\/www.caririemacao.com\/1\/wp-json\/wp\/v2\/posts\/117152","targetHints":{"allow":["GET"]}}],"collection":[{"href":"https:\/\/www.caririemacao.com\/1\/wp-json\/wp\/v2\/posts"}],"about":[{"href":"https:\/\/www.caririemacao.com\/1\/wp-json\/wp\/v2\/types\/post"}],"author":[{"embeddable":true,"href":"https:\/\/www.caririemacao.com\/1\/wp-json\/wp\/v2\/users\/1"}],"replies":[{"embeddable":true,"href":"https:\/\/www.caririemacao.com\/1\/wp-json\/wp\/v2\/comments?post=117152"}],"version-history":[{"count":1,"href":"https:\/\/www.caririemacao.com\/1\/wp-json\/wp\/v2\/posts\/117152\/revisions"}],"predecessor-version":[{"id":117154,"href":"https:\/\/www.caririemacao.com\/1\/wp-json\/wp\/v2\/posts\/117152\/revisions\/117154"}],"wp:featuredmedia":[{"embeddable":true,"href":"https:\/\/www.caririemacao.com\/1\/wp-json\/wp\/v2\/media\/94641"}],"wp:attachment":[{"href":"https:\/\/www.caririemacao.com\/1\/wp-json\/wp\/v2\/media?parent=117152"}],"wp:term":[{"taxonomy":"category","embeddable":true,"href":"https:\/\/www.caririemacao.com\/1\/wp-json\/wp\/v2\/categories?post=117152"},{"taxonomy":"post_tag","embeddable":true,"href":"https:\/\/www.caririemacao.com\/1\/wp-json\/wp\/v2\/tags?post=117152"}],"curies":[{"name":"wp","href":"https:\/\/api.w.org\/{rel}","templated":true}]}}