{"id":117172,"date":"2019-09-17T09:00:06","date_gmt":"2019-09-17T12:00:06","guid":{"rendered":"http:\/\/www.caririemacao.com\/1\/?p=117172"},"modified":"2019-09-17T09:00:06","modified_gmt":"2019-09-17T12:00:06","slug":"previsao-do-tempo-para-esta-terca-feira-em-toda-paraiba-16","status":"publish","type":"post","link":"https:\/\/www.caririemacao.com\/1\/2019\/09\/17\/previsao-do-tempo-para-esta-terca-feira-em-toda-paraiba-16\/","title":{"rendered":"Previs\u00e3o do tempo para esta ter\u00e7a-feira em toda Para\u00edba"},"content":{"rendered":"\n<p>No decorrer do dia, existe a possibilidade de ocorr\u00eancia de chuvas passageiras em \u00e1reas isoladas das regi\u00f5es do Agreste, Brejo e Litoral. Nas demais regi\u00f5es sol entre poucas nuvens.<\/p>\n\n\n\n<div class=\"wp-block-image\"><figure class=\"aligncenter\"><img decoding=\"async\" data-src=\"https:\/\/paraibaonline.com.br\/wp-content\/uploads\/2019\/09\/tempo1709.jpg\" alt=\"\" class=\"wp-image-806910 lazyload\" src=\"data:image\/svg+xml;base64,PHN2ZyB3aWR0aD0iMSIgaGVpZ2h0PSIxIiB4bWxucz0iaHR0cDovL3d3dy53My5vcmcvMjAwMC9zdmciPjwvc3ZnPg==\" \/><\/figure><\/div>\n\n\n\n<p>*Fonte: Aesa<\/p>\n","protected":false},"excerpt":{"rendered":"<p>No decorrer do dia, existe a possibilidade de ocorr\u00eancia de chuvas passageiras em \u00e1reas isoladas das regi\u00f5es do Agreste, Brejo e Litoral. Nas demais regi\u00f5es&hellip; <\/p>\n","protected":false},"author":1,"featured_media":62056,"comment_status":"closed","ping_status":"closed","sticky":false,"template":"","format":"standard","meta":{"sfsi_plus_gutenberg_text_before_share":"","sfsi_plus_gutenberg_show_text_before_share":"","sfsi_plus_gutenberg_icon_type":"","sfsi_plus_gutenberg_icon_alignemt":"","sfsi_plus_gutenburg_max_per_row":"","footnotes":""},"categories":[6],"tags":[],"class_list":["post-117172","post","type-post","status-publish","format-standard","has-post-thumbnail","hentry","category-cidades"],"_links":{"self":[{"href":"https:\/\/www.caririemacao.com\/1\/wp-json\/wp\/v2\/posts\/117172","targetHints":{"allow":["GET"]}}],"collection":[{"href":"https:\/\/www.caririemacao.com\/1\/wp-json\/wp\/v2\/posts"}],"about":[{"href":"https:\/\/www.caririemacao.com\/1\/wp-json\/wp\/v2\/types\/post"}],"author":[{"embeddable":true,"href":"https:\/\/www.caririemacao.com\/1\/wp-json\/wp\/v2\/users\/1"}],"replies":[{"embeddable":true,"href":"https:\/\/www.caririemacao.com\/1\/wp-json\/wp\/v2\/comments?post=117172"}],"version-history":[{"count":1,"href":"https:\/\/www.caririemacao.com\/1\/wp-json\/wp\/v2\/posts\/117172\/revisions"}],"predecessor-version":[{"id":117174,"href":"https:\/\/www.caririemacao.com\/1\/wp-json\/wp\/v2\/posts\/117172\/revisions\/117174"}],"wp:featuredmedia":[{"embeddable":true,"href":"https:\/\/www.caririemacao.com\/1\/wp-json\/wp\/v2\/media\/62056"}],"wp:attachment":[{"href":"https:\/\/www.caririemacao.com\/1\/wp-json\/wp\/v2\/media?parent=117172"}],"wp:term":[{"taxonomy":"category","embeddable":true,"href":"https:\/\/www.caririemacao.com\/1\/wp-json\/wp\/v2\/categories?post=117172"},{"taxonomy":"post_tag","embeddable":true,"href":"https:\/\/www.caririemacao.com\/1\/wp-json\/wp\/v2\/tags?post=117172"}],"curies":[{"name":"wp","href":"https:\/\/api.w.org\/{rel}","templated":true}]}}