{"id":117207,"date":"2019-09-17T09:22:24","date_gmt":"2019-09-17T12:22:24","guid":{"rendered":"http:\/\/www.caririemacao.com\/1\/?p=117207"},"modified":"2019-09-17T09:22:24","modified_gmt":"2019-09-17T12:22:24","slug":"bolsonaro-diz-que-sancionara-projeto-que-amplia-posse-de-arma-no-campo","status":"publish","type":"post","link":"https:\/\/www.caririemacao.com\/1\/2019\/09\/17\/bolsonaro-diz-que-sancionara-projeto-que-amplia-posse-de-arma-no-campo\/","title":{"rendered":"Bolsonaro diz que sancionar\u00e1 projeto que amplia posse de arma no campo"},"content":{"rendered":"\n<p>&nbsp;presidente Jair Bolsonaro chegou na tarde desta segunda-feira (16) ao Pal\u00e1cio do Alvorada, resid\u00eancia oficial,&nbsp;<a href=\"http:\/\/agenciabrasil.ebc.com.br\/politica\/noticia\/2019-09\/bolsonaro-deixa-hospital-em-sao-paulo-e-volta-para-brasilia\" target=\"_blank\" rel=\"noreferrer noopener\">ap\u00f3s ter recebido alta<\/a>, mais cedo, do Hospital Vila Nova Star, em S\u00e3o Paulo, onde se submeteu a&nbsp;uma cirurgia no abd\u00f4men no dia 8 de setembro.&nbsp;O&nbsp;avi\u00e3o presidencial pousou na Base A\u00e9rea de Bras\u00edlia por volta das 17h, e o comboio oficial chegou \u00e0 resid\u00eancia oficial 30 minutos depois.<\/p>\n\n\n\n<p>Aguardado por alguns apoiadores, o presidente desceu do carro na entrada principal do Alvorada e conversou rapidamente com jornalistas presentes. Ele disse que retoma os trabalhos&nbsp;amanh\u00e3 (17) e que vai sancionar o Projeto de Lei 3.715\/19, que amplia a posse de arma em propriedades rurais. A medida&nbsp;<a href=\"http:\/\/agenciabrasil.ebc.com.br\/politica\/noticia\/2019-08\/camara-aprova-projeto-que-amplia-posse-de-arma-em-propriedade-rural\" target=\"_blank\" rel=\"noreferrer noopener\">foi aprovada<\/a>&nbsp;pela C\u00e2mara dos Deputados no dia 21 de agosto e aguarda san\u00e7\u00e3o presidencial.<\/p>\n\n\n\n<figure class=\"wp-block-image\"><img decoding=\"async\" data-src=\"http:\/\/imagens.ebc.com.br\/6vwNtO8mQIp-fRMMoN5gPoBMScE=\/754x0\/smart\/http:\/\/agenciabrasil.ebc.com.br\/sites\/default\/files\/thumbnails\/image\/2019-09-16t210001z_987934325_rc123c38e200_rtrmadp_3_brazil-politics.jpg?itok=3HDIVLXq\" alt=\"O presidente Jair Bolsonaro chegou na tarde desta segunda-feira (16) ao Pal\u00e1cio do Alvorada, resid\u00eancia oficial, ap\u00f3s ter recebido alta, mais cedo, do Hospital Vila Nova Star\" src=\"data:image\/svg+xml;base64,PHN2ZyB3aWR0aD0iMSIgaGVpZ2h0PSIxIiB4bWxucz0iaHR0cDovL3d3dy53My5vcmcvMjAwMC9zdmciPjwvc3ZnPg==\" class=\"lazyload\" \/><\/figure>\n\n\n\n<h6 class=\"wp-block-heading\">Presidente Jair Bolsonaro chega&nbsp;ao Pal\u00e1cio do Alvorada &#8211;&nbsp;<strong>Reuters\/Adriano Machado\/Direitos Reservados<\/strong><\/h6>\n\n\n\n<p>Perguntado se vetaria algum item do projeto, o presidente acrescentou que n\u00e3o leu ainda o texto aprovado, mas que vai garantir o direito \u00e0 posse de arma. &#8220;Eu n\u00e3o vi o projeto, vou ver amanh\u00e3. Mas eu n\u00e3o vou tolher mais ningu\u00e9m de bem de ter a sua posse ou porte de arma de fogo.&#8221;&nbsp;<\/p>\n\n\n\n<p>Segundo o projeto aprovado pelo Legislativo, fica autorizada a posse de arma em toda a extens\u00e3o de uma propriedade rural. A medida garante ao dono de uma fazenda, por exemplo, o direito de andar com uma arma de fogo em qualquer parte de sua propriedade. Atualmente, a posse s\u00f3 \u00e9 permitida na sede.<\/p>\n\n\n\n<figure class=\"wp-block-image\"><img decoding=\"async\" data-src=\"http:\/\/imagens.ebc.com.br\/G7P5Fc8_82Z4makPkxkqWOaKuGk=\/754x0\/smart\/http:\/\/agenciabrasil.ebc.com.br\/sites\/default\/files\/thumbnails\/image\/2019-09-16t184616z_585210631_rc14a849b000_rtrmadp_3_brazil-bolsonaro.jpg?itok=0Casd_et\" alt=\"Comboio de ve\u00edculos transportando o presidente do Brasil, Jair Bolsonaro, deixa o Hospital Vila Nova Star em S\u00e3o Paulo\" src=\"data:image\/svg+xml;base64,PHN2ZyB3aWR0aD0iMSIgaGVpZ2h0PSIxIiB4bWxucz0iaHR0cDovL3d3dy53My5vcmcvMjAwMC9zdmciPjwvc3ZnPg==\" class=\"lazyload\" \/><\/figure>\n\n\n\n<h6 class=\"wp-block-heading\">Comboio de ve\u00edculos transportando o presidente&nbsp;Jair Bolsonaro&nbsp;deixa o Hospital Vila Nova Star &#8211;&nbsp;<strong>Reuters\/Rahel Patrasso\/Direitos reservados<\/strong><\/h6>\n\n\n\n<p>O presidente tamb\u00e9m disse que est\u00e1 bem de sa\u00fade, mas que s\u00f3 volta ao ritmo normal de atividades ap\u00f3s a viagem aos Estados Unidos. De acordo com o porta-voz da Presid\u00eancia, Ot\u00e1vio R\u00eago Barros, Bolsonaro deve embarcar para Nova York no pr\u00f3ximo dia 23. No dia 24, est\u00e1 previsto seu discurso na 74\u00aa Assembleia Geral das Na\u00e7\u00f5es Unidas. Tradicionalmente, cabe ao presidente do Brasil fazer o discurso de abertura do evento anual.<\/p>\n\n\n\n<p>O Pal\u00e1cio do Planalto confirmou que Bolsonaro retoma as atividades de presidente a partir desta ter\u00e7a-feira. Ainda n\u00e3o se sabe se ele vai despachar diretamente da sede do Poder Executivo ou no Pal\u00e1cio do Alvorada. Pelo Twitter, o presidente comemorou a volta ao trabalho.<\/p>\n\n\n\n<p>&#8220;Com a gra\u00e7a de Deus, passamos bem por mais um processo cir\u00fargico decorrente dos reflexos causados pela tentativa de assassinato cometida por ex-membro de partido de esquerda! Finalmente de volta ao conforto do lar, junto \u00e0 minha filha e voltando ao trabalho! O Brasil tem pressa!&#8221;, escreveu.&nbsp;<\/p>\n\n\n\n<figure class=\"wp-block-image\"><a href=\"https:\/\/twitter.com\/jairbolsonaro\"><img decoding=\"async\" data-src=\"https:\/\/pbs.twimg.com\/profile_images\/1057631480459886595\/9VPdGJJz_bigger.jpg\" alt=\"\" src=\"data:image\/svg+xml;base64,PHN2ZyB3aWR0aD0iMSIgaGVpZ2h0PSIxIiB4bWxucz0iaHR0cDovL3d3dy53My5vcmcvMjAwMC9zdmciPjwvc3ZnPg==\" class=\"lazyload\" \/><\/a><\/figure>\n\n\n\n<p><a href=\"https:\/\/twitter.com\/jairbolsonaro\"><strong>Jair M. Bolsonaro<\/strong><strong>&#x2714;<\/strong>@jairbolsonaro<\/a><a href=\"https:\/\/twitter.com\/jairbolsonaro\/status\/1173696915298557952\"><\/a><\/p>\n\n\n\n<figure class=\"wp-block-image\"><img decoding=\"async\" data-src=\"https:\/\/abs.twimg.com\/emoji\/v2\/72x72\/1f44d-1f3fc.png\" alt=\"&#x1f44d;&#x1f3fc;\" src=\"data:image\/svg+xml;base64,PHN2ZyB3aWR0aD0iMSIgaGVpZ2h0PSIxIiB4bWxucz0iaHR0cDovL3d3dy53My5vcmcvMjAwMC9zdmciPjwvc3ZnPg==\" class=\"lazyload\" \/><\/figure>\n\n\n\n<p>Com a gra\u00e7a de Deus, passamos bem por mais um processo cir\u00fargico decorrente dos reflexos causados pela tentativa de assassinato cometida por ex-membro de partido de esquerda! Finalmente de volta ao conforto do lar, junto \u00e0 minha filha e voltando ao trabalho!O Brasil tem pressa!<a href=\"https:\/\/twitter.com\/intent\/like?tweet_id=1173696915298557952\">46&nbsp;mil<\/a><a href=\"https:\/\/twitter.com\/jairbolsonaro\/status\/1173696915298557952\">17:35 &#8211; 16 de set de 2019<\/a><a href=\"https:\/\/support.twitter.com\/articles\/20175256\">Informa\u00e7\u00f5es e privacidade no Twitter Ads<\/a><a href=\"https:\/\/twitter.com\/jairbolsonaro\/status\/1173696915298557952\"><br><\/a><\/p>\n","protected":false},"excerpt":{"rendered":"<p>&nbsp;presidente Jair Bolsonaro chegou na tarde desta segunda-feira (16) ao Pal\u00e1cio do Alvorada, resid\u00eancia oficial,&nbsp;ap\u00f3s ter recebido alta, mais cedo, do Hospital Vila Nova Star,&hellip; <\/p>\n","protected":false},"author":1,"featured_media":110902,"comment_status":"closed","ping_status":"closed","sticky":false,"template":"","format":"standard","meta":{"sfsi_plus_gutenberg_text_before_share":"","sfsi_plus_gutenberg_show_text_before_share":"","sfsi_plus_gutenberg_icon_type":"","sfsi_plus_gutenberg_icon_alignemt":"","sfsi_plus_gutenburg_max_per_row":"","footnotes":""},"categories":[11],"tags":[],"class_list":["post-117207","post","type-post","status-publish","format-standard","has-post-thumbnail","hentry","category-politica"],"_links":{"self":[{"href":"https:\/\/www.caririemacao.com\/1\/wp-json\/wp\/v2\/posts\/117207","targetHints":{"allow":["GET"]}}],"collection":[{"href":"https:\/\/www.caririemacao.com\/1\/wp-json\/wp\/v2\/posts"}],"about":[{"href":"https:\/\/www.caririemacao.com\/1\/wp-json\/wp\/v2\/types\/post"}],"author":[{"embeddable":true,"href":"https:\/\/www.caririemacao.com\/1\/wp-json\/wp\/v2\/users\/1"}],"replies":[{"embeddable":true,"href":"https:\/\/www.caririemacao.com\/1\/wp-json\/wp\/v2\/comments?post=117207"}],"version-history":[{"count":1,"href":"https:\/\/www.caririemacao.com\/1\/wp-json\/wp\/v2\/posts\/117207\/revisions"}],"predecessor-version":[{"id":117208,"href":"https:\/\/www.caririemacao.com\/1\/wp-json\/wp\/v2\/posts\/117207\/revisions\/117208"}],"wp:featuredmedia":[{"embeddable":true,"href":"https:\/\/www.caririemacao.com\/1\/wp-json\/wp\/v2\/media\/110902"}],"wp:attachment":[{"href":"https:\/\/www.caririemacao.com\/1\/wp-json\/wp\/v2\/media?parent=117207"}],"wp:term":[{"taxonomy":"category","embeddable":true,"href":"https:\/\/www.caririemacao.com\/1\/wp-json\/wp\/v2\/categories?post=117207"},{"taxonomy":"post_tag","embeddable":true,"href":"https:\/\/www.caririemacao.com\/1\/wp-json\/wp\/v2\/tags?post=117207"}],"curies":[{"name":"wp","href":"https:\/\/api.w.org\/{rel}","templated":true}]}}