{"id":117217,"date":"2019-09-17T09:26:39","date_gmt":"2019-09-17T12:26:39","guid":{"rendered":"http:\/\/www.caririemacao.com\/1\/?p=117217"},"modified":"2019-09-17T09:26:39","modified_gmt":"2019-09-17T12:26:39","slug":"forca-nacional-vai-combater-incendios-e-queimadas-no-acre","status":"publish","type":"post","link":"https:\/\/www.caririemacao.com\/1\/2019\/09\/17\/forca-nacional-vai-combater-incendios-e-queimadas-no-acre\/","title":{"rendered":"For\u00e7a Nacional vai combater inc\u00eandios e queimadas no Acre"},"content":{"rendered":"\n<p>O combate aos inc\u00eandios florestais e \u00e0s queimadas no estado do Acre ganha, a partir de hoje (17), o refor\u00e7o de equipes da For\u00e7a Nacional de Seguran\u00e7a P\u00fablica. Atendendo solicita\u00e7\u00e3o do governo acriano, o ministro da Justi\u00e7a e Seguran\u00e7a P\u00fablica, Sergio Moro, assinou portaria, publicada no&nbsp;<a href=\"http:\/\/www.in.gov.br\/en\/web\/dou\/-\/portaria-n-738-de-13-de-setembro-de-2019-216555039\" target=\"_blank\" rel=\"noreferrer noopener\"><em>Di\u00e1rio Oficial da Uni\u00e3o<\/em><\/a>, desta ter\u00e7a-feira, autorizando a medida.<\/p>\n\n\n\n<figure class=\"wp-block-image\"><img decoding=\"async\" data-src=\"http:\/\/imagens.ebc.com.br\/ef3ip7cjTlUJt0SNFjoT9puYO60=\/754x0\/smart\/http:\/\/agenciabrasil.ebc.com.br\/sites\/default\/files\/thumbnails\/image\/antcrz_abr_24081921347.jpg?itok=EBgDa1V3\" alt=\"Equipes da For\u00e7a Nacional, que ajudar\u00e3o no combate ao inc\u00eandio na Amaz\u00f4nia, embarcam na  Base A\u00e9rea de Bras\u00edlia \" src=\"data:image\/svg+xml;base64,PHN2ZyB3aWR0aD0iMSIgaGVpZ2h0PSIxIiB4bWxucz0iaHR0cDovL3d3dy53My5vcmcvMjAwMC9zdmciPjwvc3ZnPg==\" class=\"lazyload\" \/><\/figure>\n\n\n\n<p>Equipes da For\u00e7a Nacional, que ajudar\u00e3o no combate ao inc\u00eandio na Amaz\u00f4nia &#8211;&nbsp;<strong>Antonio Cruz\/Ag\u00eancia Brasil<\/strong><\/p>\n\n\n\n<p>De acordo com o documento, as a\u00e7\u00f5es da For\u00e7a Nacional ser\u00e3o em car\u00e1ter epis\u00f3dico e planejado, em atividades de defesa civil em defesa do meio ambiente e nos servi\u00e7os imprescind\u00edveis \u00e0 preserva\u00e7\u00e3o da ordem p\u00fablica e da incolumidade das pessoas e do patrim\u00f4nio, at\u00e9 24 de setembro de 2019.<\/p>\n\n\n\n<p>A portaria define ainda que a presen\u00e7a da For\u00e7a Nacional ter\u00e1 apoio log\u00edstico do governo do Acre, que dever\u00e1 dispor da infraestrutura necess\u00e1ria \u00e0s equipes. O n\u00famero de militares disponibilizado obedecer\u00e1 ao planejamento definido pelo minist\u00e9rio.<\/p>\n","protected":false},"excerpt":{"rendered":"<p>O combate aos inc\u00eandios florestais e \u00e0s queimadas no estado do Acre ganha, a partir de hoje (17), o refor\u00e7o de equipes da For\u00e7a Nacional&hellip; <\/p>\n","protected":false},"author":1,"featured_media":79877,"comment_status":"closed","ping_status":"closed","sticky":false,"template":"","format":"standard","meta":{"sfsi_plus_gutenberg_text_before_share":"","sfsi_plus_gutenberg_show_text_before_share":"","sfsi_plus_gutenberg_icon_type":"","sfsi_plus_gutenberg_icon_alignemt":"","sfsi_plus_gutenburg_max_per_row":"","footnotes":""},"categories":[2],"tags":[],"class_list":["post-117217","post","type-post","status-publish","format-standard","has-post-thumbnail","hentry","category-geral"],"_links":{"self":[{"href":"https:\/\/www.caririemacao.com\/1\/wp-json\/wp\/v2\/posts\/117217","targetHints":{"allow":["GET"]}}],"collection":[{"href":"https:\/\/www.caririemacao.com\/1\/wp-json\/wp\/v2\/posts"}],"about":[{"href":"https:\/\/www.caririemacao.com\/1\/wp-json\/wp\/v2\/types\/post"}],"author":[{"embeddable":true,"href":"https:\/\/www.caririemacao.com\/1\/wp-json\/wp\/v2\/users\/1"}],"replies":[{"embeddable":true,"href":"https:\/\/www.caririemacao.com\/1\/wp-json\/wp\/v2\/comments?post=117217"}],"version-history":[{"count":1,"href":"https:\/\/www.caririemacao.com\/1\/wp-json\/wp\/v2\/posts\/117217\/revisions"}],"predecessor-version":[{"id":117219,"href":"https:\/\/www.caririemacao.com\/1\/wp-json\/wp\/v2\/posts\/117217\/revisions\/117219"}],"wp:featuredmedia":[{"embeddable":true,"href":"https:\/\/www.caririemacao.com\/1\/wp-json\/wp\/v2\/media\/79877"}],"wp:attachment":[{"href":"https:\/\/www.caririemacao.com\/1\/wp-json\/wp\/v2\/media?parent=117217"}],"wp:term":[{"taxonomy":"category","embeddable":true,"href":"https:\/\/www.caririemacao.com\/1\/wp-json\/wp\/v2\/categories?post=117217"},{"taxonomy":"post_tag","embeddable":true,"href":"https:\/\/www.caririemacao.com\/1\/wp-json\/wp\/v2\/tags?post=117217"}],"curies":[{"name":"wp","href":"https:\/\/api.w.org\/{rel}","templated":true}]}}