{"id":117241,"date":"2019-09-17T09:32:37","date_gmt":"2019-09-17T12:32:37","guid":{"rendered":"http:\/\/www.caririemacao.com\/1\/?p=117241"},"modified":"2019-09-17T09:32:37","modified_gmt":"2019-09-17T12:32:37","slug":"funcionarios-comecam-limpeza-de-predio-novo-do-hospital-badim","status":"publish","type":"post","link":"https:\/\/www.caririemacao.com\/1\/2019\/09\/17\/funcionarios-comecam-limpeza-de-predio-novo-do-hospital-badim\/","title":{"rendered":"Funcion\u00e1rios come\u00e7am limpeza de pr\u00e9dio novo do Hospital Badim"},"content":{"rendered":"\n<p>Cerca de 30 funcion\u00e1rios fazem&nbsp;hoje&nbsp;(17) um mutir\u00e3o de limpeza e organiza\u00e7\u00e3o do pr\u00e9dio novo do Hospital Badim. O pr\u00e9dio novo n\u00e3o foi afetado pelo inc\u00eandio do \u00faltimo dia 12, que atingiu apenas o pr\u00e9dio antigo e resultou na morte de 12 pessoas.<\/p>\n\n\n\n<p>Segundo a assessoria do Hospital Badim, o pr\u00e9dio novo tampouco est\u00e1 interditado pela Defesa Civil. Apesar disso, ainda n\u00e3o h\u00e1 previs\u00e3o de retomada das atividades na unidade.<\/p>\n\n\n\n<p>O pr\u00e9dio antigo, que fica separado do edif\u00edcio novo apenas por um pr\u00e9dio residencial, continua interditado. A previs\u00e3o \u00e9 que a Pol\u00edcia Civil retorne&nbsp;hoje&nbsp;\u00e0 unidade para periciar o gerador de energia, foco do inc\u00eandio, junto com a empresa que faz a manuten\u00e7\u00e3o do equipamento.<\/p>\n","protected":false},"excerpt":{"rendered":"<p>Cerca de 30 funcion\u00e1rios fazem&nbsp;hoje&nbsp;(17) um mutir\u00e3o de limpeza e organiza\u00e7\u00e3o do pr\u00e9dio novo do Hospital Badim. O pr\u00e9dio novo n\u00e3o foi afetado pelo inc\u00eandio&hellip; <\/p>\n","protected":false},"author":1,"featured_media":117243,"comment_status":"closed","ping_status":"closed","sticky":false,"template":"","format":"standard","meta":{"sfsi_plus_gutenberg_text_before_share":"","sfsi_plus_gutenberg_show_text_before_share":"","sfsi_plus_gutenberg_icon_type":"","sfsi_plus_gutenberg_icon_alignemt":"","sfsi_plus_gutenburg_max_per_row":"","footnotes":""},"categories":[2],"tags":[],"class_list":["post-117241","post","type-post","status-publish","format-standard","has-post-thumbnail","hentry","category-geral"],"_links":{"self":[{"href":"https:\/\/www.caririemacao.com\/1\/wp-json\/wp\/v2\/posts\/117241","targetHints":{"allow":["GET"]}}],"collection":[{"href":"https:\/\/www.caririemacao.com\/1\/wp-json\/wp\/v2\/posts"}],"about":[{"href":"https:\/\/www.caririemacao.com\/1\/wp-json\/wp\/v2\/types\/post"}],"author":[{"embeddable":true,"href":"https:\/\/www.caririemacao.com\/1\/wp-json\/wp\/v2\/users\/1"}],"replies":[{"embeddable":true,"href":"https:\/\/www.caririemacao.com\/1\/wp-json\/wp\/v2\/comments?post=117241"}],"version-history":[{"count":1,"href":"https:\/\/www.caririemacao.com\/1\/wp-json\/wp\/v2\/posts\/117241\/revisions"}],"predecessor-version":[{"id":117244,"href":"https:\/\/www.caririemacao.com\/1\/wp-json\/wp\/v2\/posts\/117241\/revisions\/117244"}],"wp:featuredmedia":[{"embeddable":true,"href":"https:\/\/www.caririemacao.com\/1\/wp-json\/wp\/v2\/media\/117243"}],"wp:attachment":[{"href":"https:\/\/www.caririemacao.com\/1\/wp-json\/wp\/v2\/media?parent=117241"}],"wp:term":[{"taxonomy":"category","embeddable":true,"href":"https:\/\/www.caririemacao.com\/1\/wp-json\/wp\/v2\/categories?post=117241"},{"taxonomy":"post_tag","embeddable":true,"href":"https:\/\/www.caririemacao.com\/1\/wp-json\/wp\/v2\/tags?post=117241"}],"curies":[{"name":"wp","href":"https:\/\/api.w.org\/{rel}","templated":true}]}}