{"id":117261,"date":"2019-09-17T09:58:49","date_gmt":"2019-09-17T12:58:49","guid":{"rendered":"http:\/\/www.caririemacao.com\/1\/?p=117261"},"modified":"2019-09-17T10:00:41","modified_gmt":"2019-09-17T13:00:41","slug":"prefeito-eden-anuncia-construcao-de-nova-sede-da-secretaria-de-saude-de-sume","status":"publish","type":"post","link":"https:\/\/www.caririemacao.com\/1\/2019\/09\/17\/prefeito-eden-anuncia-construcao-de-nova-sede-da-secretaria-de-saude-de-sume\/","title":{"rendered":"Prefeito \u00c9den anuncia constru\u00e7\u00e3o de nova sede da Secretaria de Sa\u00fade de Sum\u00e9"},"content":{"rendered":"\n<p>O prefeito de Sum\u00e9, \u00c9den Duarte, anunciou na manh\u00e3 desta ter\u00e7a-feira, dia 17, a constru\u00e7\u00e3o da nova sede da Secretaria Municipal de Sa\u00fade. <\/p>\n\n\n\n<p>O an\u00fancio foi feito no audit\u00f3rio do Unidade B\u00e1sica de Sa\u00fade do Centro e contou com a presen\u00e7a do prefeito \u00c9den, vice-prefeito Dr\u00f3, de vereadores, entre eles, o l\u00edder do prefeito na C\u00e2mara Municipal, Ant\u00f4nio Carlos, dos secret\u00e1rios municipais, profissionais e usu\u00e1rios do SUS.<\/p>\n\n\n\n<p>Segundo \u00c9den, a obra ser\u00e1 constru\u00edda na antiga Escola Irineu Severo e custar\u00e1 quase 370 mil reais, oriundos de tesouro municipal. <\/p>\n\n\n\n<figure class=\"wp-block-image\"><img fetchpriority=\"high\" decoding=\"async\" width=\"803\" height=\"459\" src=\"http:\/\/www.caririemacao.com\/1\/wp-content\/uploads\/2019\/09\/2-2.png\" alt=\"\" class=\"wp-image-117263\" srcset=\"https:\/\/www.caririemacao.com\/1\/wp-content\/uploads\/2019\/09\/2-2.png 803w, https:\/\/www.caririemacao.com\/1\/wp-content\/uploads\/2019\/09\/2-2-300x171.png 300w, https:\/\/www.caririemacao.com\/1\/wp-content\/uploads\/2019\/09\/2-2-768x439.png 768w\" sizes=\"(max-width: 803px) 100vw, 803px\" \/><\/figure>\n\n\n\n<p>O prefeito tamb\u00e9m aproveitou o momento para assinar a ordem para a abertura do processo licitat\u00f3rio para a contrata\u00e7\u00e3o de empresa que ir\u00e1 construir a nova sede da Secretaria Municipal de Sa\u00fade que obrigar\u00e1 os atuais servi\u00e7os e agregar\u00e1 novos servi\u00e7os e espa\u00e7os para a popula\u00e7\u00e3o, inclusive com ampla acessibilidade para os cidad\u00e3os sumeenses.<\/p>\n\n\n\n<p>Para a secret\u00e1ria de Sa\u00fade, Sandra Regina, a obra propiciar\u00e1 mais conforto dos servi\u00e7os para os cidad\u00e3os, al\u00e9m de ser uma sede moderna e acess\u00edvel a todos os usu\u00e1rios.<\/p>\n","protected":false},"excerpt":{"rendered":"<p>O prefeito de Sum\u00e9, \u00c9den Duarte, anunciou na manh\u00e3 desta ter\u00e7a-feira, dia 17, a constru\u00e7\u00e3o da nova sede da Secretaria Municipal de Sa\u00fade. O an\u00fancio&hellip; <\/p>\n","protected":false},"author":2,"featured_media":117262,"comment_status":"closed","ping_status":"closed","sticky":false,"template":"","format":"standard","meta":{"sfsi_plus_gutenberg_text_before_share":"","sfsi_plus_gutenberg_show_text_before_share":"","sfsi_plus_gutenberg_icon_type":"","sfsi_plus_gutenberg_icon_alignemt":"","sfsi_plus_gutenburg_max_per_row":"","footnotes":""},"categories":[6,50],"tags":[],"class_list":["post-117261","post","type-post","status-publish","format-standard","has-post-thumbnail","hentry","category-cidades","category-destaque"],"_links":{"self":[{"href":"https:\/\/www.caririemacao.com\/1\/wp-json\/wp\/v2\/posts\/117261","targetHints":{"allow":["GET"]}}],"collection":[{"href":"https:\/\/www.caririemacao.com\/1\/wp-json\/wp\/v2\/posts"}],"about":[{"href":"https:\/\/www.caririemacao.com\/1\/wp-json\/wp\/v2\/types\/post"}],"author":[{"embeddable":true,"href":"https:\/\/www.caririemacao.com\/1\/wp-json\/wp\/v2\/users\/2"}],"replies":[{"embeddable":true,"href":"https:\/\/www.caririemacao.com\/1\/wp-json\/wp\/v2\/comments?post=117261"}],"version-history":[{"count":2,"href":"https:\/\/www.caririemacao.com\/1\/wp-json\/wp\/v2\/posts\/117261\/revisions"}],"predecessor-version":[{"id":117265,"href":"https:\/\/www.caririemacao.com\/1\/wp-json\/wp\/v2\/posts\/117261\/revisions\/117265"}],"wp:featuredmedia":[{"embeddable":true,"href":"https:\/\/www.caririemacao.com\/1\/wp-json\/wp\/v2\/media\/117262"}],"wp:attachment":[{"href":"https:\/\/www.caririemacao.com\/1\/wp-json\/wp\/v2\/media?parent=117261"}],"wp:term":[{"taxonomy":"category","embeddable":true,"href":"https:\/\/www.caririemacao.com\/1\/wp-json\/wp\/v2\/categories?post=117261"},{"taxonomy":"post_tag","embeddable":true,"href":"https:\/\/www.caririemacao.com\/1\/wp-json\/wp\/v2\/tags?post=117261"}],"curies":[{"name":"wp","href":"https:\/\/api.w.org\/{rel}","templated":true}]}}