{"id":117269,"date":"2019-09-17T10:17:32","date_gmt":"2019-09-17T13:17:32","guid":{"rendered":"http:\/\/www.caririemacao.com\/1\/?p=117269"},"modified":"2019-09-17T10:17:32","modified_gmt":"2019-09-17T13:17:32","slug":"primeiro-caso-de-febre-suina-africana-e-confirmado-na-coreia-do-sul","status":"publish","type":"post","link":"https:\/\/www.caririemacao.com\/1\/2019\/09\/17\/primeiro-caso-de-febre-suina-africana-e-confirmado-na-coreia-do-sul\/","title":{"rendered":"Primeiro caso de febre su\u00edna africana \u00e9 confirmado na Coreia do Sul"},"content":{"rendered":"\n<p><br>O governo da Coreia do Sul confirmou o primeiro caso de febre su\u00edna africana, um tipo altamente contagioso.<\/p>\n\n\n\n<p>O ministro da Agricultura, Kim Hyeon-soo, anunciou nesta ter\u00e7a-feira (17) a confirma\u00e7\u00e3o de um caso em um criadouro de porcos na cidade de Paju, prov\u00edncia de Gyeonggi, perto da zona desmilitarizada entre as duas Coreias.<\/p>\n\n\n\n<p>Cinco porcos foram encontrados mortos ontem (16), e a infec\u00e7\u00e3o foi confirmada por meio de testes.<\/p>\n\n\n\n<p>Autoridades do Minist\u00e9rio da Agricultura v\u00e3o desinfetar todos os criadouros no pa\u00eds e verificar se h\u00e1 outros casos suspeitos.<\/p>\n\n\n\n<p>As autoridades v\u00e3o tamb\u00e9m proibir a movimenta\u00e7\u00e3o de qualquer ve\u00edculo que tenha entrado em criadouros de porcos ou f\u00e1bricas de ra\u00e7\u00e3o at\u00e9 quinta-feira.<\/p>\n\n\n\n<p>A febre su\u00edna j\u00e1 se propagou pela China, onde vive quase metade de todos os porcos do mundo, e j\u00e1 foi confirmada tamb\u00e9m na Coreia do Norte.<\/p>\n\n\n\n<p>No Jap\u00e3o, o cont\u00e1gio ainda n\u00e3o foi confirmado, e o Minist\u00e9rio da Agricultura do pa\u00eds pretende tomar medidas rigorosas para evitar a entrada da doen\u00e7a. O minist\u00e9rio lembrou que o v\u00edrus n\u00e3o \u00e9 contagioso para seres humanos.<\/p>\n","protected":false},"excerpt":{"rendered":"<p>O governo da Coreia do Sul confirmou o primeiro caso de febre su\u00edna africana, um tipo altamente contagioso. O ministro da Agricultura, Kim Hyeon-soo, anunciou&hellip; <\/p>\n","protected":false},"author":1,"featured_media":16779,"comment_status":"closed","ping_status":"closed","sticky":false,"template":"","format":"standard","meta":{"sfsi_plus_gutenberg_text_before_share":"","sfsi_plus_gutenberg_show_text_before_share":"","sfsi_plus_gutenberg_icon_type":"","sfsi_plus_gutenberg_icon_alignemt":"","sfsi_plus_gutenburg_max_per_row":"","footnotes":""},"categories":[2],"tags":[],"class_list":["post-117269","post","type-post","status-publish","format-standard","has-post-thumbnail","hentry","category-geral"],"_links":{"self":[{"href":"https:\/\/www.caririemacao.com\/1\/wp-json\/wp\/v2\/posts\/117269","targetHints":{"allow":["GET"]}}],"collection":[{"href":"https:\/\/www.caririemacao.com\/1\/wp-json\/wp\/v2\/posts"}],"about":[{"href":"https:\/\/www.caririemacao.com\/1\/wp-json\/wp\/v2\/types\/post"}],"author":[{"embeddable":true,"href":"https:\/\/www.caririemacao.com\/1\/wp-json\/wp\/v2\/users\/1"}],"replies":[{"embeddable":true,"href":"https:\/\/www.caririemacao.com\/1\/wp-json\/wp\/v2\/comments?post=117269"}],"version-history":[{"count":1,"href":"https:\/\/www.caririemacao.com\/1\/wp-json\/wp\/v2\/posts\/117269\/revisions"}],"predecessor-version":[{"id":117271,"href":"https:\/\/www.caririemacao.com\/1\/wp-json\/wp\/v2\/posts\/117269\/revisions\/117271"}],"wp:featuredmedia":[{"embeddable":true,"href":"https:\/\/www.caririemacao.com\/1\/wp-json\/wp\/v2\/media\/16779"}],"wp:attachment":[{"href":"https:\/\/www.caririemacao.com\/1\/wp-json\/wp\/v2\/media?parent=117269"}],"wp:term":[{"taxonomy":"category","embeddable":true,"href":"https:\/\/www.caririemacao.com\/1\/wp-json\/wp\/v2\/categories?post=117269"},{"taxonomy":"post_tag","embeddable":true,"href":"https:\/\/www.caririemacao.com\/1\/wp-json\/wp\/v2\/tags?post=117269"}],"curies":[{"name":"wp","href":"https:\/\/api.w.org\/{rel}","templated":true}]}}