{"id":117274,"date":"2019-09-17T10:56:15","date_gmt":"2019-09-17T13:56:15","guid":{"rendered":"http:\/\/www.caririemacao.com\/1\/?p=117274"},"modified":"2019-09-17T10:56:15","modified_gmt":"2019-09-17T13:56:15","slug":"vereador-niedson-brito-solicita-ao-der-redutores-de-velocidade-na-estrada-de-sao-jose-dos-cordeiros-a-serra-branca","status":"publish","type":"post","link":"https:\/\/www.caririemacao.com\/1\/2019\/09\/17\/vereador-niedson-brito-solicita-ao-der-redutores-de-velocidade-na-estrada-de-sao-jose-dos-cordeiros-a-serra-branca\/","title":{"rendered":"Vereador Niedson Brito solicita ao DER redutores de velocidade na estrada de S\u00e3o Jos\u00e9 dos Cordeiros \u00e0 Serra Branca"},"content":{"rendered":"\n<p>O vereador de S\u00e3o Jos\u00e9 dos Cordeiros, Niedson Brito, esteve\nna manh\u00e3 desta ter\u00e7a-feira, dia 17, na sede do Departamento de Estradas de\nRodagens, regional Sum\u00e9, para solicitar a instala\u00e7\u00e3o de 4 (quatro) redutores de\nvelocidade na PB 148-200 que liga o munic\u00edpio de S\u00e3o Jos\u00e9 dos Cordeiros \u00e0 Serra\nBranca.<\/p>\n\n\n\n<p>Segundo o vereador Niedson, entre a sede do munic\u00edpio e o\ntrevo que d\u00e1 acesso ao munic\u00edpio de Serra Branca existe um grande movimento de\npessoas, at\u00e9 porque existem neste percurso tr\u00eas escolas municipais, associa\u00e7\u00f5es\nde moradores, duas igrejas e uma quadra poliesportiva.<\/p>\n\n\n\n<p>\u201cNesses locais se faz necess\u00e1ria a instala\u00e7\u00e3o dos redutores de velocidade, tendo em vista o fluxo de ve\u00edculos transitando, al\u00e9m da circula\u00e7\u00e3o de animais que j\u00e1 resultaram em acidentes graves e fatais, devido ao excesso de velocidade\u201d, explicou o parlamentar. <\/p>\n\n\n\n<figure class=\"wp-block-image\"><img fetchpriority=\"high\" decoding=\"async\" width=\"565\" height=\"803\" src=\"http:\/\/www.caririemacao.com\/1\/wp-content\/uploads\/2019\/09\/WhatsApp-Image-2019-09-17-at-10.25.50-1.jpeg\" alt=\"\" class=\"wp-image-117276\" srcset=\"https:\/\/www.caririemacao.com\/1\/wp-content\/uploads\/2019\/09\/WhatsApp-Image-2019-09-17-at-10.25.50-1.jpeg 565w, https:\/\/www.caririemacao.com\/1\/wp-content\/uploads\/2019\/09\/WhatsApp-Image-2019-09-17-at-10.25.50-1-211x300.jpeg 211w\" sizes=\"(max-width: 565px) 100vw, 565px\" \/><\/figure>\n\n\n\n<p>Niedson disse que o pedido \u00e9 uma demanda antiga dos\nmoradores dessas comunidades que j\u00e1 presenciaram acidentes e sofreram por vidas\nque foram ceifadas naquela estrada. \u201cForam Acidentes que poderiam ter sido\nevitados se houvesse nas estradas uma melhor estrutura de seguran\u00e7a\u201d,\ncomplementou.<\/p>\n","protected":false},"excerpt":{"rendered":"<p>O vereador de S\u00e3o Jos\u00e9 dos Cordeiros, Niedson Brito, esteve na manh\u00e3 desta ter\u00e7a-feira, dia 17, na sede do Departamento de Estradas de Rodagens, regional&hellip; <\/p>\n","protected":false},"author":2,"featured_media":117275,"comment_status":"closed","ping_status":"closed","sticky":false,"template":"","format":"standard","meta":{"sfsi_plus_gutenberg_text_before_share":"","sfsi_plus_gutenberg_show_text_before_share":"","sfsi_plus_gutenberg_icon_type":"","sfsi_plus_gutenberg_icon_alignemt":"","sfsi_plus_gutenburg_max_per_row":"","footnotes":""},"categories":[50,11],"tags":[],"class_list":["post-117274","post","type-post","status-publish","format-standard","has-post-thumbnail","hentry","category-destaque","category-politica"],"_links":{"self":[{"href":"https:\/\/www.caririemacao.com\/1\/wp-json\/wp\/v2\/posts\/117274","targetHints":{"allow":["GET"]}}],"collection":[{"href":"https:\/\/www.caririemacao.com\/1\/wp-json\/wp\/v2\/posts"}],"about":[{"href":"https:\/\/www.caririemacao.com\/1\/wp-json\/wp\/v2\/types\/post"}],"author":[{"embeddable":true,"href":"https:\/\/www.caririemacao.com\/1\/wp-json\/wp\/v2\/users\/2"}],"replies":[{"embeddable":true,"href":"https:\/\/www.caririemacao.com\/1\/wp-json\/wp\/v2\/comments?post=117274"}],"version-history":[{"count":1,"href":"https:\/\/www.caririemacao.com\/1\/wp-json\/wp\/v2\/posts\/117274\/revisions"}],"predecessor-version":[{"id":117277,"href":"https:\/\/www.caririemacao.com\/1\/wp-json\/wp\/v2\/posts\/117274\/revisions\/117277"}],"wp:featuredmedia":[{"embeddable":true,"href":"https:\/\/www.caririemacao.com\/1\/wp-json\/wp\/v2\/media\/117275"}],"wp:attachment":[{"href":"https:\/\/www.caririemacao.com\/1\/wp-json\/wp\/v2\/media?parent=117274"}],"wp:term":[{"taxonomy":"category","embeddable":true,"href":"https:\/\/www.caririemacao.com\/1\/wp-json\/wp\/v2\/categories?post=117274"},{"taxonomy":"post_tag","embeddable":true,"href":"https:\/\/www.caririemacao.com\/1\/wp-json\/wp\/v2\/tags?post=117274"}],"curies":[{"name":"wp","href":"https:\/\/api.w.org\/{rel}","templated":true}]}}