{"id":117279,"date":"2019-09-17T11:48:51","date_gmt":"2019-09-17T14:48:51","guid":{"rendered":"http:\/\/www.caririemacao.com\/1\/?p=117279"},"modified":"2019-09-17T12:13:38","modified_gmt":"2019-09-17T15:13:38","slug":"adailsinho-queiroz-relembra-pedido-feito-ao-governador-da-pavimentacao-da-rodovia-gurjao-juazeirinho","status":"publish","type":"post","link":"https:\/\/www.caririemacao.com\/1\/2019\/09\/17\/adailsinho-queiroz-relembra-pedido-feito-ao-governador-da-pavimentacao-da-rodovia-gurjao-juazeirinho\/","title":{"rendered":"Adailsinho Queiroz relembra pedido feito ao governador da pavimenta\u00e7\u00e3o da rodovia Gurj\u00e3o-Juazeirinho"},"content":{"rendered":"\n<p>Ap\u00f3s o governador Jo\u00e3o Azevedo ter assinado a ordem de servi\u00e7o de pavimenta\u00e7\u00e3o da estrada Santo Andr\u00e9 a Juazeirinho, na regi\u00e3o do Cariri paraibano, o vereador de Gurj\u00e3o, Adailsinho Queiroz, atual presidente do PSB Municipal, lembrou ao governador do pedido j\u00e1 feito em duas oportunidades.<\/p>\n\n\n\n<p>Segundo Adailsinho, o primeiro pedido foi feito durante a audi\u00eancia do Or\u00e7amento Democr\u00e1tico Estadual realizado na cidade de Sum\u00e9 no m\u00eas de maio deste ano. <\/p>\n\n\n\n<p>J\u00e1 no segundo pedido, o parlamentar esteve com o governador Jo\u00e3o Azevedo entregando requerimento de autoria de Adailsinho e aprovado pela C\u00e2mara Municipal, solicitando a pavimenta\u00e7\u00e3o asf\u00e1ltica da estrada que interliga os munic\u00edpios de Gurj\u00e3o\/Santo Andr\u00e9 e Gurj\u00e3o\/Juazeirinho.<\/p>\n\n\n\n<p>Adailsinho que tem uma boa rela\u00e7\u00e3o com o atual governador Jo\u00e3o Azevedo afirmou que a pavimenta\u00e7\u00e3o da rodovia vai modernizar e ampliar a infraestrutura rodovi\u00e1ria entre esses munic\u00edpios, promovendo o desenvolvimento socioecon\u00f4mico, al\u00e9m de reduzir os custos de transportes e melhorar a qualidade de vida da popula\u00e7\u00e3o gurjaense.<\/p>\n\n\n\n<p>&nbsp;\u201cNosso mandato vem\ncontribuir para que nossa popula\u00e7\u00e3o tenha a\u00e7\u00f5es efetivas e estruturantes,\nfazendo com que nossa cidade de Gurj\u00e3o se desenvolva, pensando grande, fazendo\na boa pol\u00edtica para que a cidade ganhe altos investimentos\u201d, relatou\nAdailsinho.<\/p>\n\n\n\n<p><strong>VEJA A MAT\u00c9RIA PUBLICADA NO DIA 26\/06\/2019 NA PORTAL CARIRI EM A\u00c7\u00c3O<\/strong><\/p>\n\n\n\n<figure class=\"wp-block-image\"><img fetchpriority=\"high\" decoding=\"async\" width=\"576\" height=\"1024\" src=\"http:\/\/www.caririemacao.com\/1\/wp-content\/uploads\/2019\/09\/WhatsApp-Image-2019-09-17-at-11.43.38-576x1024.jpeg\" alt=\"\" class=\"wp-image-117280\" srcset=\"https:\/\/www.caririemacao.com\/1\/wp-content\/uploads\/2019\/09\/WhatsApp-Image-2019-09-17-at-11.43.38-576x1024.jpeg 576w, https:\/\/www.caririemacao.com\/1\/wp-content\/uploads\/2019\/09\/WhatsApp-Image-2019-09-17-at-11.43.38-169x300.jpeg 169w, https:\/\/www.caririemacao.com\/1\/wp-content\/uploads\/2019\/09\/WhatsApp-Image-2019-09-17-at-11.43.38.jpeg 720w\" sizes=\"(max-width: 576px) 100vw, 576px\" \/><\/figure>\n","protected":false},"excerpt":{"rendered":"<p>Ap\u00f3s o governador Jo\u00e3o Azevedo ter assinado a ordem de servi\u00e7o de pavimenta\u00e7\u00e3o da estrada Santo Andr\u00e9 a Juazeirinho, na regi\u00e3o do Cariri paraibano, o&hellip; <\/p>\n","protected":false},"author":2,"featured_media":117281,"comment_status":"closed","ping_status":"closed","sticky":false,"template":"","format":"standard","meta":{"sfsi_plus_gutenberg_text_before_share":"","sfsi_plus_gutenberg_show_text_before_share":"","sfsi_plus_gutenberg_icon_type":"","sfsi_plus_gutenberg_icon_alignemt":"","sfsi_plus_gutenburg_max_per_row":"","footnotes":""},"categories":[50,2],"tags":[],"class_list":["post-117279","post","type-post","status-publish","format-standard","has-post-thumbnail","hentry","category-destaque","category-geral"],"_links":{"self":[{"href":"https:\/\/www.caririemacao.com\/1\/wp-json\/wp\/v2\/posts\/117279","targetHints":{"allow":["GET"]}}],"collection":[{"href":"https:\/\/www.caririemacao.com\/1\/wp-json\/wp\/v2\/posts"}],"about":[{"href":"https:\/\/www.caririemacao.com\/1\/wp-json\/wp\/v2\/types\/post"}],"author":[{"embeddable":true,"href":"https:\/\/www.caririemacao.com\/1\/wp-json\/wp\/v2\/users\/2"}],"replies":[{"embeddable":true,"href":"https:\/\/www.caririemacao.com\/1\/wp-json\/wp\/v2\/comments?post=117279"}],"version-history":[{"count":2,"href":"https:\/\/www.caririemacao.com\/1\/wp-json\/wp\/v2\/posts\/117279\/revisions"}],"predecessor-version":[{"id":117319,"href":"https:\/\/www.caririemacao.com\/1\/wp-json\/wp\/v2\/posts\/117279\/revisions\/117319"}],"wp:featuredmedia":[{"embeddable":true,"href":"https:\/\/www.caririemacao.com\/1\/wp-json\/wp\/v2\/media\/117281"}],"wp:attachment":[{"href":"https:\/\/www.caririemacao.com\/1\/wp-json\/wp\/v2\/media?parent=117279"}],"wp:term":[{"taxonomy":"category","embeddable":true,"href":"https:\/\/www.caririemacao.com\/1\/wp-json\/wp\/v2\/categories?post=117279"},{"taxonomy":"post_tag","embeddable":true,"href":"https:\/\/www.caririemacao.com\/1\/wp-json\/wp\/v2\/tags?post=117279"}],"curies":[{"name":"wp","href":"https:\/\/api.w.org\/{rel}","templated":true}]}}