{"id":117283,"date":"2019-09-17T11:54:36","date_gmt":"2019-09-17T14:54:36","guid":{"rendered":"http:\/\/www.caririemacao.com\/1\/?p=117283"},"modified":"2019-09-17T11:54:36","modified_gmt":"2019-09-17T14:54:36","slug":"candidato-a-prefeito-de-monteiro-pela-oposicao-tera-que-ter-dna-100-da-familia-henrique","status":"publish","type":"post","link":"https:\/\/www.caririemacao.com\/1\/2019\/09\/17\/candidato-a-prefeito-de-monteiro-pela-oposicao-tera-que-ter-dna-100-da-familia-henrique\/","title":{"rendered":"Candidato a prefeito de Monteiro pela oposi\u00e7\u00e3o ter\u00e1 que ter DNA 100% da fam\u00edlia Henrique"},"content":{"rendered":"\n<p>No n\u00facleo da fam\u00edlia Henrique uma decis\u00e3o sobre as elei\u00e7\u00f5es municipais de 2020 j\u00e1 est\u00e1 tomada: o candidato a prefeito pelas oposi\u00e7\u00f5es em Monteiro ter\u00e1 que ter sangue puro, ou seja, tem que ser filho do casal Jo\u00e3o e Edna Henrique.<br>A informa\u00e7\u00e3o foi repassada por um aliado do casal, que revelou at\u00e9 a possibilidade da atual deputada Edna Henrique sacrificar o mandato e disputar o cargo de prefeito de Monteiro no pr\u00f3ximo ano.<br>A fam\u00edlia Henrique lan\u00e7ou inicialmente o nome da dermatologista Micheilla Henrique para a disputa do pr\u00f3ximo ano, mas, algumas atitudes de ordens pessoais que vieram a p\u00fablico no in\u00edcio deste ano causaram profundos transtornos no n\u00facleo familiar e a pr\u00e9-candidatura de Dra. Micheilla a prefeita de Monteiro praticamente est\u00e1 descartada.<br>Ap\u00f3s este fato, o nome do advogado Michel Henrique chegou a ser ventilado, mas, n\u00e3o ganhou repercuss\u00e3o e os deputados Jo\u00e3o (estadual) e Edna Henrique (federal) foram aconselhados por aliados a repensar esta op\u00e7\u00e3o, pois, seria um fracasso pior que a primeira op\u00e7\u00e3o.<br>Como \u00faltima op\u00e7\u00e3o, antes de analisar a possibilidade de ter que sacrificar o mandato da deputada federal de Edna Henrique, o grupo agora especula a possibilidade de lan\u00e7ar o nome do filho mais novo do casal: Jos\u00e9 Silvestre Henrique.<br>A avalia\u00e7\u00e3o do grupo oposicionista j\u00e1 foi posto em pr\u00e1tica e o empres\u00e1rio Z\u00e9 Silvestre circulou neste final de semana durante a festa de Nossa Senhora das Dores, Padroeira de Monteiro, acompanhado dos pais, cumprimentando populares que prestigiavam o evento religioso.<br>Sem ter mais op\u00e7\u00f5es, j\u00e1 que o casal Henrique s\u00f3 confia nos seus filhos, caso o nome de Z\u00e9 Silvestre n\u00e3o decole, a vaidade e o \u00f3dio que nutrem pela atual prefeita, Anna Lorena, falar\u00e1 mais alto e a ex-prefeita de Monteiro, Edna Henrique e atual deputada federal poder\u00e1 realmente disputar as elei\u00e7\u00f5es de prefeito do pr\u00f3ximo ano no munic\u00edpio de Monteiro.<\/p>\n","protected":false},"excerpt":{"rendered":"<p>No n\u00facleo da fam\u00edlia Henrique uma decis\u00e3o sobre as elei\u00e7\u00f5es municipais de 2020 j\u00e1 est\u00e1 tomada: o candidato a prefeito pelas oposi\u00e7\u00f5es em Monteiro ter\u00e1&hellip; <\/p>\n","protected":false},"author":1,"featured_media":117285,"comment_status":"closed","ping_status":"closed","sticky":false,"template":"","format":"standard","meta":{"sfsi_plus_gutenberg_text_before_share":"","sfsi_plus_gutenberg_show_text_before_share":"","sfsi_plus_gutenberg_icon_type":"","sfsi_plus_gutenberg_icon_alignemt":"","sfsi_plus_gutenburg_max_per_row":"","footnotes":""},"categories":[2],"tags":[],"class_list":["post-117283","post","type-post","status-publish","format-standard","has-post-thumbnail","hentry","category-geral"],"_links":{"self":[{"href":"https:\/\/www.caririemacao.com\/1\/wp-json\/wp\/v2\/posts\/117283","targetHints":{"allow":["GET"]}}],"collection":[{"href":"https:\/\/www.caririemacao.com\/1\/wp-json\/wp\/v2\/posts"}],"about":[{"href":"https:\/\/www.caririemacao.com\/1\/wp-json\/wp\/v2\/types\/post"}],"author":[{"embeddable":true,"href":"https:\/\/www.caririemacao.com\/1\/wp-json\/wp\/v2\/users\/1"}],"replies":[{"embeddable":true,"href":"https:\/\/www.caririemacao.com\/1\/wp-json\/wp\/v2\/comments?post=117283"}],"version-history":[{"count":1,"href":"https:\/\/www.caririemacao.com\/1\/wp-json\/wp\/v2\/posts\/117283\/revisions"}],"predecessor-version":[{"id":117286,"href":"https:\/\/www.caririemacao.com\/1\/wp-json\/wp\/v2\/posts\/117283\/revisions\/117286"}],"wp:featuredmedia":[{"embeddable":true,"href":"https:\/\/www.caririemacao.com\/1\/wp-json\/wp\/v2\/media\/117285"}],"wp:attachment":[{"href":"https:\/\/www.caririemacao.com\/1\/wp-json\/wp\/v2\/media?parent=117283"}],"wp:term":[{"taxonomy":"category","embeddable":true,"href":"https:\/\/www.caririemacao.com\/1\/wp-json\/wp\/v2\/categories?post=117283"},{"taxonomy":"post_tag","embeddable":true,"href":"https:\/\/www.caririemacao.com\/1\/wp-json\/wp\/v2\/tags?post=117283"}],"curies":[{"name":"wp","href":"https:\/\/api.w.org\/{rel}","templated":true}]}}