{"id":117291,"date":"2019-09-17T11:56:54","date_gmt":"2019-09-17T14:56:54","guid":{"rendered":"http:\/\/www.caririemacao.com\/1\/?p=117291"},"modified":"2019-09-17T11:56:54","modified_gmt":"2019-09-17T14:56:54","slug":"prefeito-de-s-s-do-umbuzeiro-representara-amcap-durante-evento-em-brasilia","status":"publish","type":"post","link":"https:\/\/www.caririemacao.com\/1\/2019\/09\/17\/prefeito-de-s-s-do-umbuzeiro-representara-amcap-durante-evento-em-brasilia\/","title":{"rendered":"Prefeito de S. S. do Umbuzeiro representar\u00e1 AMCAP durante evento em Bras\u00edlia"},"content":{"rendered":"\n<p>A CNM \u2013 Confedera\u00e7\u00e3o Nacional dos Munic\u00edpios reunir\u00e1 gestores de todo o pa\u00eds em Bras\u00edlia, a partir desta ter\u00e7a-feira, 17, para sensibilizar deputados e senadores para projetos que aguardam vota\u00e7\u00e3o e t\u00eam grande impacto na administra\u00e7\u00e3o local. O encontro ser\u00e1 no audit\u00f3rio Nereu Ramos, da C\u00e2mara dos Deputados, a partir das 14h.<br>O Prefeito da cidade de S\u00e3o Sebasti\u00e3o do Umbuzeiro, Adriano Wolff, estar\u00e1 representando a AMCAP (Associa\u00e7\u00e3o do munic\u00edpios do cariri e agreste da Para\u00edba), durante o evento.<br>Adriano viajou nesta segunda-feira (16), e afirmou que tentar\u00e1 tamb\u00e9m destravar recursos para o munic\u00edpio, al\u00e9m de outras demandas importantes.COM CARIRIDAGENTE<\/p>\n","protected":false},"excerpt":{"rendered":"<p>A CNM \u2013 Confedera\u00e7\u00e3o Nacional dos Munic\u00edpios reunir\u00e1 gestores de todo o pa\u00eds em Bras\u00edlia, a partir desta ter\u00e7a-feira, 17, para sensibilizar deputados e senadores&hellip; <\/p>\n","protected":false},"author":1,"featured_media":117293,"comment_status":"closed","ping_status":"closed","sticky":false,"template":"","format":"standard","meta":{"sfsi_plus_gutenberg_text_before_share":"","sfsi_plus_gutenberg_show_text_before_share":"","sfsi_plus_gutenberg_icon_type":"","sfsi_plus_gutenberg_icon_alignemt":"","sfsi_plus_gutenburg_max_per_row":"","footnotes":""},"categories":[11],"tags":[],"class_list":["post-117291","post","type-post","status-publish","format-standard","has-post-thumbnail","hentry","category-politica"],"_links":{"self":[{"href":"https:\/\/www.caririemacao.com\/1\/wp-json\/wp\/v2\/posts\/117291","targetHints":{"allow":["GET"]}}],"collection":[{"href":"https:\/\/www.caririemacao.com\/1\/wp-json\/wp\/v2\/posts"}],"about":[{"href":"https:\/\/www.caririemacao.com\/1\/wp-json\/wp\/v2\/types\/post"}],"author":[{"embeddable":true,"href":"https:\/\/www.caririemacao.com\/1\/wp-json\/wp\/v2\/users\/1"}],"replies":[{"embeddable":true,"href":"https:\/\/www.caririemacao.com\/1\/wp-json\/wp\/v2\/comments?post=117291"}],"version-history":[{"count":1,"href":"https:\/\/www.caririemacao.com\/1\/wp-json\/wp\/v2\/posts\/117291\/revisions"}],"predecessor-version":[{"id":117294,"href":"https:\/\/www.caririemacao.com\/1\/wp-json\/wp\/v2\/posts\/117291\/revisions\/117294"}],"wp:featuredmedia":[{"embeddable":true,"href":"https:\/\/www.caririemacao.com\/1\/wp-json\/wp\/v2\/media\/117293"}],"wp:attachment":[{"href":"https:\/\/www.caririemacao.com\/1\/wp-json\/wp\/v2\/media?parent=117291"}],"wp:term":[{"taxonomy":"category","embeddable":true,"href":"https:\/\/www.caririemacao.com\/1\/wp-json\/wp\/v2\/categories?post=117291"},{"taxonomy":"post_tag","embeddable":true,"href":"https:\/\/www.caririemacao.com\/1\/wp-json\/wp\/v2\/tags?post=117291"}],"curies":[{"name":"wp","href":"https:\/\/api.w.org\/{rel}","templated":true}]}}