{"id":117295,"date":"2019-09-17T11:59:29","date_gmt":"2019-09-17T14:59:29","guid":{"rendered":"http:\/\/www.caririemacao.com\/1\/?p=117295"},"modified":"2019-09-17T11:59:29","modified_gmt":"2019-09-17T14:59:29","slug":"jovem-de-sao-sebastiao-do-umbuzeiro-representa-o-municipio-no-rio-de-janeiro","status":"publish","type":"post","link":"https:\/\/www.caririemacao.com\/1\/2019\/09\/17\/jovem-de-sao-sebastiao-do-umbuzeiro-representa-o-municipio-no-rio-de-janeiro\/","title":{"rendered":"Jovem de S\u00e3o Sebasti\u00e3o do Umbuzeiro representa o munic\u00edpio no Rio de Janeiro"},"content":{"rendered":"\n<p>A jovem Alice de Fran\u00e7a Bezerra \u00e9 destaque e orgulho para a popula\u00e7\u00e3o s\u00e3osebastianense.<br>Ela e apenas mais 4 jovens do pa\u00eds, est\u00e3o participando de um grande evento no Rio de Janeiro, e \u00e9 a \u00fanica representante do Nordeste.<br>Trata-se do do Workshop \u2013 \u201cJuventudes e Conex\u00f5es\u201d, que est\u00e1 acontecendo no Rio de Janeiro entre os dias 14 e 18 de setembro de 2019. A jovem Alice e mais outros 4 jovens do pa\u00eds participam desse evento.<br>O Workshop est\u00e1 abordando os principais resultados da pesquisa que busca entender como Jovens de 15 e 29 anos no Brasil se relacionam com a internet, as tecnologias digitais e as m\u00faltiplas formas de conex\u00e3o, com foco nas \u00e1reas de educa\u00e7\u00e3o, empreendedorismo, comportamento e participa\u00e7\u00e3o social.<br>O prefeito Adriano Wolff inclusive fez quest\u00e3o de parabenizar a jovem, e afirmou que trata-se de um grande orgulho para todos os s\u00e3osebastianenses contar com a participa\u00e7\u00e3o de Alice em mais este importante evento.<\/p>\n","protected":false},"excerpt":{"rendered":"<p>A jovem Alice de Fran\u00e7a Bezerra \u00e9 destaque e orgulho para a popula\u00e7\u00e3o s\u00e3osebastianense.Ela e apenas mais 4 jovens do pa\u00eds, est\u00e3o participando de um&hellip; <\/p>\n","protected":false},"author":1,"featured_media":117297,"comment_status":"closed","ping_status":"closed","sticky":false,"template":"","format":"standard","meta":{"sfsi_plus_gutenberg_text_before_share":"","sfsi_plus_gutenberg_show_text_before_share":"","sfsi_plus_gutenberg_icon_type":"","sfsi_plus_gutenberg_icon_alignemt":"","sfsi_plus_gutenburg_max_per_row":"","footnotes":""},"categories":[2],"tags":[],"class_list":["post-117295","post","type-post","status-publish","format-standard","has-post-thumbnail","hentry","category-geral"],"_links":{"self":[{"href":"https:\/\/www.caririemacao.com\/1\/wp-json\/wp\/v2\/posts\/117295","targetHints":{"allow":["GET"]}}],"collection":[{"href":"https:\/\/www.caririemacao.com\/1\/wp-json\/wp\/v2\/posts"}],"about":[{"href":"https:\/\/www.caririemacao.com\/1\/wp-json\/wp\/v2\/types\/post"}],"author":[{"embeddable":true,"href":"https:\/\/www.caririemacao.com\/1\/wp-json\/wp\/v2\/users\/1"}],"replies":[{"embeddable":true,"href":"https:\/\/www.caririemacao.com\/1\/wp-json\/wp\/v2\/comments?post=117295"}],"version-history":[{"count":1,"href":"https:\/\/www.caririemacao.com\/1\/wp-json\/wp\/v2\/posts\/117295\/revisions"}],"predecessor-version":[{"id":117298,"href":"https:\/\/www.caririemacao.com\/1\/wp-json\/wp\/v2\/posts\/117295\/revisions\/117298"}],"wp:featuredmedia":[{"embeddable":true,"href":"https:\/\/www.caririemacao.com\/1\/wp-json\/wp\/v2\/media\/117297"}],"wp:attachment":[{"href":"https:\/\/www.caririemacao.com\/1\/wp-json\/wp\/v2\/media?parent=117295"}],"wp:term":[{"taxonomy":"category","embeddable":true,"href":"https:\/\/www.caririemacao.com\/1\/wp-json\/wp\/v2\/categories?post=117295"},{"taxonomy":"post_tag","embeddable":true,"href":"https:\/\/www.caririemacao.com\/1\/wp-json\/wp\/v2\/tags?post=117295"}],"curies":[{"name":"wp","href":"https:\/\/api.w.org\/{rel}","templated":true}]}}