{"id":117307,"date":"2019-09-17T12:02:06","date_gmt":"2019-09-17T15:02:06","guid":{"rendered":"http:\/\/www.caririemacao.com\/1\/?p=117307"},"modified":"2019-09-17T12:57:26","modified_gmt":"2019-09-17T15:57:26","slug":"em-artigo-poeta-elogia-paroco-e-destaca-festa-da-padroeira-de-monteiro","status":"publish","type":"post","link":"https:\/\/www.caririemacao.com\/1\/2019\/09\/17\/em-artigo-poeta-elogia-paroco-e-destaca-festa-da-padroeira-de-monteiro\/","title":{"rendered":"Em artigo, poeta elogia p\u00e1roco e destaca Festa da Padroeira de Monteiro"},"content":{"rendered":"\n<p>Em artigo publicado nesta segunda-feira (16), o poeta Nal Nunes elogiou o Padre Isa\u00edas, P\u00e1roco de Monteiro, pelo resgate da tradicional Festa da Padroeira Nossa Senhora das Dores.<br>Confira o artigo:<br><em><strong>Fato consumado<\/strong><\/em><br><em>Se hoje houvesse uma elei\u00e7\u00e3o para prefeito certamente o Padre Isa\u00edas, p\u00e1roco da Paroquia de Nossa Senhora das Dores, seria o mais votado em Monteiro. Brincadeiras a parte mas, vamos combinar, o vig\u00e1rio est\u00e1 realmente de parab\u00e9ns.<\/em><br><em>A nossa festa tradicional da padroeira bombou. Nos \u00faltimos anos, e bote anos nisso, foi a melhor de todas. A Igreja sempre cheia, as prociss\u00f5es disputad\u00edssimas, lotadas. E o pavilh\u00e3o? Esse pediu permiss\u00e3o a Santa M\u00e3e, Maria das Dores, para fazer uma alus\u00e3o ao Supremo Filho, ressuscitou. De verdade, o pavilh\u00e3o ressuscitou.<\/em><br><em>Moral da hist\u00f3ria, nossa Igreja, ainda bem, parece que est\u00e1 do lado do nosso Papa Francisco, o maior de todos os tempos, o mais moderno e mais aglutinador, exatamente por ser t\u00e3o simples e moderno.<\/em><br><em>Qual \u00e9 o problema tomar minha cerveja no Pavilh\u00e3o da Santa? Homem, esse padre Isa\u00edas j\u00e1 merece o t\u00edtulo de Cidad\u00e3o Monteirense.<\/em><br><em>Se lembre de uma coisa: antigamente o evang\u00e9lico andava parecendo uma est\u00e1tua, hoje\u2026 salta num p\u00e9 s\u00f3 no meio da rua com seus \u201chinos\u201d em ritmo de rock, isso tamb\u00e9m \u00e9 fato. E da\u00ed? Alterou a f\u00e9? N\u00e3o, nem do evang\u00e9lico e nem do cat\u00f3lico.<\/em><br><em>No ano que vem a festa j\u00e1 aumentar\u00e1 at\u00e9 de tamanho, come\u00e7a no dia 5 e vai at\u00e9 dia 15. Se preparem, vai terminar sendo a maior do Estado porque esse padre Isa\u00edas bota pra quebrar\u2026oh homem aben\u00e7oado. Parab\u00e9ns meu vig\u00e1rio.<\/em><br><\/p>\n","protected":false},"excerpt":{"rendered":"<p>Em artigo publicado nesta segunda-feira (16), o poeta Nal Nunes elogiou o Padre Isa\u00edas, P\u00e1roco de Monteiro, pelo resgate da tradicional Festa da Padroeira Nossa&hellip; <\/p>\n","protected":false},"author":1,"featured_media":117320,"comment_status":"closed","ping_status":"closed","sticky":false,"template":"","format":"standard","meta":{"sfsi_plus_gutenberg_text_before_share":"","sfsi_plus_gutenberg_show_text_before_share":"","sfsi_plus_gutenberg_icon_type":"","sfsi_plus_gutenberg_icon_alignemt":"","sfsi_plus_gutenburg_max_per_row":"","footnotes":""},"categories":[50,2],"tags":[],"class_list":["post-117307","post","type-post","status-publish","format-standard","has-post-thumbnail","hentry","category-destaque","category-geral"],"_links":{"self":[{"href":"https:\/\/www.caririemacao.com\/1\/wp-json\/wp\/v2\/posts\/117307","targetHints":{"allow":["GET"]}}],"collection":[{"href":"https:\/\/www.caririemacao.com\/1\/wp-json\/wp\/v2\/posts"}],"about":[{"href":"https:\/\/www.caririemacao.com\/1\/wp-json\/wp\/v2\/types\/post"}],"author":[{"embeddable":true,"href":"https:\/\/www.caririemacao.com\/1\/wp-json\/wp\/v2\/users\/1"}],"replies":[{"embeddable":true,"href":"https:\/\/www.caririemacao.com\/1\/wp-json\/wp\/v2\/comments?post=117307"}],"version-history":[{"count":1,"href":"https:\/\/www.caririemacao.com\/1\/wp-json\/wp\/v2\/posts\/117307\/revisions"}],"predecessor-version":[{"id":117310,"href":"https:\/\/www.caririemacao.com\/1\/wp-json\/wp\/v2\/posts\/117307\/revisions\/117310"}],"wp:featuredmedia":[{"embeddable":true,"href":"https:\/\/www.caririemacao.com\/1\/wp-json\/wp\/v2\/media\/117320"}],"wp:attachment":[{"href":"https:\/\/www.caririemacao.com\/1\/wp-json\/wp\/v2\/media?parent=117307"}],"wp:term":[{"taxonomy":"category","embeddable":true,"href":"https:\/\/www.caririemacao.com\/1\/wp-json\/wp\/v2\/categories?post=117307"},{"taxonomy":"post_tag","embeddable":true,"href":"https:\/\/www.caririemacao.com\/1\/wp-json\/wp\/v2\/tags?post=117307"}],"curies":[{"name":"wp","href":"https:\/\/api.w.org\/{rel}","templated":true}]}}