{"id":117318,"date":"2019-09-17T13:34:37","date_gmt":"2019-09-17T16:34:37","guid":{"rendered":"http:\/\/www.caririemacao.com\/1\/?p=117318"},"modified":"2019-09-17T13:34:37","modified_gmt":"2019-09-17T16:34:37","slug":"jovem-comete-suicidio-no-municipio-de-livramento","status":"publish","type":"post","link":"https:\/\/www.caririemacao.com\/1\/2019\/09\/17\/jovem-comete-suicidio-no-municipio-de-livramento\/","title":{"rendered":"Jovem comete suic\u00eddio no munic\u00edpio de Livramento"},"content":{"rendered":"\n<p>Uma trag\u00e9dia aconteceu no in\u00edcio da tarde desta ter\u00e7a feira (17) no S\u00edtio Quixaba, zona rural do munic\u00edpio de Livramento, no Cariri da Para\u00edba.<\/p>\n\n\n\n<p>Segundo informa\u00e7\u00f5es apuradas pela nossa reportagem, uma jovem identificada por Ayane Xavier, de apenas 16 anos de idade, cometeu suic\u00eddio dentro de sua resid\u00eancia, ap\u00f3s ingerir veneno.<\/p>\n\n\n\n<p>Ainda n\u00e3o se sabe os motivos que teria levado a jovem a tirar a pr\u00f3pria vida. Familiares, amigos e a popula\u00e7\u00e3o de Livramento est\u00e3o chocados com a triste not\u00edcia.&nbsp; A jovem Ayane Xavier era aluna da Escola&nbsp;Estadual Ensino Fundamental&nbsp;Jo\u00e3o L\u00e9lis.<\/p>\n\n\n\n<p>Mais informa\u00e7\u00f5es a qualquer momento.<\/p>\n\n\n\n<p><strong>De Olho no Cariri<\/strong><\/p>\n","protected":false},"excerpt":{"rendered":"<p>Uma trag\u00e9dia aconteceu no in\u00edcio da tarde desta ter\u00e7a feira (17) no S\u00edtio Quixaba, zona rural do munic\u00edpio de Livramento, no Cariri da Para\u00edba. Segundo&hellip; <\/p>\n","protected":false},"author":1,"featured_media":117321,"comment_status":"closed","ping_status":"closed","sticky":false,"template":"","format":"standard","meta":{"sfsi_plus_gutenberg_text_before_share":"","sfsi_plus_gutenberg_show_text_before_share":"","sfsi_plus_gutenberg_icon_type":"","sfsi_plus_gutenberg_icon_alignemt":"","sfsi_plus_gutenburg_max_per_row":"","footnotes":""},"categories":[50,12],"tags":[],"class_list":["post-117318","post","type-post","status-publish","format-standard","has-post-thumbnail","hentry","category-destaque","category-policia"],"_links":{"self":[{"href":"https:\/\/www.caririemacao.com\/1\/wp-json\/wp\/v2\/posts\/117318","targetHints":{"allow":["GET"]}}],"collection":[{"href":"https:\/\/www.caririemacao.com\/1\/wp-json\/wp\/v2\/posts"}],"about":[{"href":"https:\/\/www.caririemacao.com\/1\/wp-json\/wp\/v2\/types\/post"}],"author":[{"embeddable":true,"href":"https:\/\/www.caririemacao.com\/1\/wp-json\/wp\/v2\/users\/1"}],"replies":[{"embeddable":true,"href":"https:\/\/www.caririemacao.com\/1\/wp-json\/wp\/v2\/comments?post=117318"}],"version-history":[{"count":1,"href":"https:\/\/www.caririemacao.com\/1\/wp-json\/wp\/v2\/posts\/117318\/revisions"}],"predecessor-version":[{"id":117322,"href":"https:\/\/www.caririemacao.com\/1\/wp-json\/wp\/v2\/posts\/117318\/revisions\/117322"}],"wp:featuredmedia":[{"embeddable":true,"href":"https:\/\/www.caririemacao.com\/1\/wp-json\/wp\/v2\/media\/117321"}],"wp:attachment":[{"href":"https:\/\/www.caririemacao.com\/1\/wp-json\/wp\/v2\/media?parent=117318"}],"wp:term":[{"taxonomy":"category","embeddable":true,"href":"https:\/\/www.caririemacao.com\/1\/wp-json\/wp\/v2\/categories?post=117318"},{"taxonomy":"post_tag","embeddable":true,"href":"https:\/\/www.caririemacao.com\/1\/wp-json\/wp\/v2\/tags?post=117318"}],"curies":[{"name":"wp","href":"https:\/\/api.w.org\/{rel}","templated":true}]}}