{"id":117327,"date":"2019-09-17T13:37:56","date_gmt":"2019-09-17T16:37:56","guid":{"rendered":"http:\/\/www.caririemacao.com\/1\/?p=117327"},"modified":"2019-09-17T13:37:56","modified_gmt":"2019-09-17T16:37:56","slug":"prefeito-eden-anuncia-construcao-de-novo-predio-da-secretaria-de-saude","status":"publish","type":"post","link":"https:\/\/www.caririemacao.com\/1\/2019\/09\/17\/prefeito-eden-anuncia-construcao-de-novo-predio-da-secretaria-de-saude\/","title":{"rendered":"Prefeito \u00c9den anuncia constru\u00e7\u00e3o de novo pr\u00e9dio da Secretaria de Sa\u00fade"},"content":{"rendered":"\n<p>O prefeito \u00c9den anunciou na manh\u00e3 desta ter\u00e7a-feira 17\/09, a constru\u00e7\u00e3o da nova sede na Secretaria de Sa\u00fade de Sum\u00e9. O an\u00fancio foi feito na unidade b\u00e1sica de sa\u00fade do centro e na ocasi\u00e3o foi apresentado um v\u00eddeo do projeto arquitet\u00f4nico de como ser\u00e1 a nova sede da Secretaria que funcionar\u00e1 na antiga Escola Irineu Severo.<\/p>\n\n\n\n<p>Participaram do evento, o vice-prefeito, Dr\u00f3, os secret\u00e1rios municipais, Alessandra Regina (Sa\u00fade), Tanniery L\u00eala (Assist\u00eancia Social) e Rob\u00e9rio Cipriano (Finan\u00e7as), al\u00e9m dos vereadores, Ant\u00f4nio Carlos Sarmento, Bon\u00edlson Tim\u00f3teo, Jos\u00e9 Ant\u00f4nio e Nilson Brito.<\/p>\n\n\n\n<p>A constru\u00e7\u00e3o da nova sede ter\u00e1 uma infraestrutura moderna e proporcionar\u00e1 mais conforto e comodidade \u00e0 popula\u00e7\u00e3o, al\u00e9m de melhores condi\u00e7\u00f5es de trabalho aos servidores p\u00fablicos da pasta.<\/p>\n\n\n\n<figure class=\"wp-block-image\"><a href=\"http:\/\/www.sume.pb.gov.br\/wp-content\/uploads\/2019\/09\/IMG-20190917-WA0024.jpg\"><img decoding=\"async\" data-src=\"http:\/\/www.sume.pb.gov.br\/wp-content\/uploads\/2019\/09\/IMG-20190917-WA0024-300x200.jpg\" alt=\"\" src=\"data:image\/svg+xml;base64,PHN2ZyB3aWR0aD0iMSIgaGVpZ2h0PSIxIiB4bWxucz0iaHR0cDovL3d3dy53My5vcmcvMjAwMC9zdmciPjwvc3ZnPg==\" class=\"lazyload\" style=\"--smush-placeholder-width: 300px; --smush-placeholder-aspect-ratio: 300\/200;\" \/><\/a><\/figure>\n\n\n\n<figure class=\"wp-block-image\"><a href=\"http:\/\/www.sume.pb.gov.br\/wp-content\/uploads\/2019\/09\/IMG-20190917-WA0034.jpg\"><img decoding=\"async\" data-src=\"http:\/\/www.sume.pb.gov.br\/wp-content\/uploads\/2019\/09\/IMG-20190917-WA0034-300x200.jpg\" alt=\"\" src=\"data:image\/svg+xml;base64,PHN2ZyB3aWR0aD0iMSIgaGVpZ2h0PSIxIiB4bWxucz0iaHR0cDovL3d3dy53My5vcmcvMjAwMC9zdmciPjwvc3ZnPg==\" class=\"lazyload\" style=\"--smush-placeholder-width: 300px; --smush-placeholder-aspect-ratio: 300\/200;\" \/><\/a><\/figure>\n\n\n\n<figure class=\"wp-block-image\"><a href=\"http:\/\/www.sume.pb.gov.br\/wp-content\/uploads\/2019\/09\/IMG-20190917-WA0035.jpg\"><img decoding=\"async\" data-src=\"http:\/\/www.sume.pb.gov.br\/wp-content\/uploads\/2019\/09\/IMG-20190917-WA0035-300x200.jpg\" alt=\"\" src=\"data:image\/svg+xml;base64,PHN2ZyB3aWR0aD0iMSIgaGVpZ2h0PSIxIiB4bWxucz0iaHR0cDovL3d3dy53My5vcmcvMjAwMC9zdmciPjwvc3ZnPg==\" class=\"lazyload\" style=\"--smush-placeholder-width: 300px; --smush-placeholder-aspect-ratio: 300\/200;\" \/><\/a><\/figure>\n\n\n\n<p>O projeto ter\u00e1 recep\u00e7\u00e3o, sala de espera, sala para secret\u00e1ria, sala para reuni\u00e3o, sala de marca\u00e7\u00e3o de consultas e exames, sala de inform\u00e1tica, foyer, audit\u00f3rio, banheiros, dep\u00f3sitos e arquivo. A nova sede ainda abrigar\u00e1 o Nasf, a Marca\u00e7\u00e3o de Consultas e Exames, a sala de Avalia\u00e7\u00e3o e Controle, a Coordena\u00e7\u00e3o B\u00e1sica, a Vigil\u00e2ncia&nbsp; Epidemiol\u00f3gica, o Conselho Municipal e os Recursos Humanos.<\/p>\n\n\n\n<p>No momento, \u00c9den assinou a autoriza\u00e7\u00e3o para abertura da licita\u00e7\u00e3o da obra que tem um investimento previsto de R$ 370 mil, sendo recursos do tesouro municipal.<\/p>\n\n\n\n<p>\u201cCom a constru\u00e7\u00e3o dessa obra, a gente vai resolver um d\u00e9ficit com os servidores e os usu\u00e1rios, pois estamos funcionando em um local inapropriado, sem acessibilidade. Com essa obra, al\u00e9m do conforto da popula\u00e7\u00e3o, os colaboradores poder\u00e3o desempenhar suas atividades em um ambiente satisfat\u00f3rio e adequado\u201d, destacou o prefeito.<\/p>\n\n\n\n<p>Ascom PMS<\/p>\n","protected":false},"excerpt":{"rendered":"<p>O prefeito \u00c9den anunciou na manh\u00e3 desta ter\u00e7a-feira 17\/09, a constru\u00e7\u00e3o da nova sede na Secretaria de Sa\u00fade de Sum\u00e9. O an\u00fancio foi feito na&hellip; <\/p>\n","protected":false},"author":1,"featured_media":117329,"comment_status":"closed","ping_status":"closed","sticky":false,"template":"","format":"standard","meta":{"sfsi_plus_gutenberg_text_before_share":"","sfsi_plus_gutenberg_show_text_before_share":"","sfsi_plus_gutenberg_icon_type":"","sfsi_plus_gutenberg_icon_alignemt":"","sfsi_plus_gutenburg_max_per_row":"","footnotes":""},"categories":[6,50],"tags":[],"class_list":["post-117327","post","type-post","status-publish","format-standard","has-post-thumbnail","hentry","category-cidades","category-destaque"],"_links":{"self":[{"href":"https:\/\/www.caririemacao.com\/1\/wp-json\/wp\/v2\/posts\/117327","targetHints":{"allow":["GET"]}}],"collection":[{"href":"https:\/\/www.caririemacao.com\/1\/wp-json\/wp\/v2\/posts"}],"about":[{"href":"https:\/\/www.caririemacao.com\/1\/wp-json\/wp\/v2\/types\/post"}],"author":[{"embeddable":true,"href":"https:\/\/www.caririemacao.com\/1\/wp-json\/wp\/v2\/users\/1"}],"replies":[{"embeddable":true,"href":"https:\/\/www.caririemacao.com\/1\/wp-json\/wp\/v2\/comments?post=117327"}],"version-history":[{"count":1,"href":"https:\/\/www.caririemacao.com\/1\/wp-json\/wp\/v2\/posts\/117327\/revisions"}],"predecessor-version":[{"id":117330,"href":"https:\/\/www.caririemacao.com\/1\/wp-json\/wp\/v2\/posts\/117327\/revisions\/117330"}],"wp:featuredmedia":[{"embeddable":true,"href":"https:\/\/www.caririemacao.com\/1\/wp-json\/wp\/v2\/media\/117329"}],"wp:attachment":[{"href":"https:\/\/www.caririemacao.com\/1\/wp-json\/wp\/v2\/media?parent=117327"}],"wp:term":[{"taxonomy":"category","embeddable":true,"href":"https:\/\/www.caririemacao.com\/1\/wp-json\/wp\/v2\/categories?post=117327"},{"taxonomy":"post_tag","embeddable":true,"href":"https:\/\/www.caririemacao.com\/1\/wp-json\/wp\/v2\/tags?post=117327"}],"curies":[{"name":"wp","href":"https:\/\/api.w.org\/{rel}","templated":true}]}}