{"id":117349,"date":"2019-09-17T13:45:19","date_gmt":"2019-09-17T16:45:19","guid":{"rendered":"http:\/\/www.caririemacao.com\/1\/?p=117349"},"modified":"2019-09-17T13:45:19","modified_gmt":"2019-09-17T16:45:19","slug":"prefeitura-da-prata-intensifica-abastecimento-da-agua-nas-comunidades-rurais","status":"publish","type":"post","link":"https:\/\/www.caririemacao.com\/1\/2019\/09\/17\/prefeitura-da-prata-intensifica-abastecimento-da-agua-nas-comunidades-rurais\/","title":{"rendered":"Prefeitura da Prata intensifica abastecimento da \u00e1gua nas comunidades rurais"},"content":{"rendered":"\n<p>Atrav\u00e9s da secretaria&nbsp; de agricultura do&nbsp; munic\u00edpio,&nbsp; a&nbsp; prefeitura vem&nbsp; intensificando o&nbsp; abastecimento nas&nbsp; comunidades rurais,&nbsp; segundo o secret\u00e1rio&nbsp; &nbsp;de agricultura Genivaldo temborio,s\u00e3o&nbsp; mais de 600 cisternas nesta gest\u00e3o espalhadas pelo&nbsp; munic\u00edpio,e que com a&nbsp; entrada do per\u00edodo&nbsp; seco triplica a demanda&nbsp; por \u00e1gua, o munic\u00edpio&nbsp; disp\u00f5e de um caminh\u00e3o&nbsp; pipa que obedecendo&nbsp; uma lista de pessoas&nbsp; &nbsp;que d\u00e3o seu nome na&nbsp; prefeitura,atende a&nbsp; todos.<br>Ainda segundo o secret\u00e1rio io Genivaldo,&nbsp; &nbsp;s\u00e3o colocadas mais de&nbsp; trinta pipas por&nbsp; semana, o que vem&nbsp; dificultando o aumento do n\u00famero de pipas e a dist\u00e2ncia entre a&nbsp; fonte de \u00e1gua para&nbsp; consumo&nbsp; humano e as&nbsp; comunidades, porem a&nbsp; prefeitura sempre&nbsp; atende a todos.O secret\u00e1rio&nbsp; Genivaldo, falou do esfor\u00e7o do prefeito Junior N\u00f3brega&nbsp; em normalizar a oferta&nbsp; de&nbsp; \u00e1gua as comunidades, por&nbsp; &nbsp;exemplo, sitio do melo e&nbsp; S\u00e3o Francisco,&nbsp; &nbsp;o&nbsp; &nbsp; prefeito deu entrada&nbsp; &nbsp;em projetos&nbsp; de dessalinizadores que&nbsp; ser\u00e3o instalados nestas&nbsp; &nbsp;comunidades, a limpeza, reforma e&nbsp; constru\u00e7\u00e3o em mais de 180&nbsp; &nbsp;pequenas e&nbsp; medias barragens em&nbsp; toda zona rural,um dos&nbsp; maiores projetos ser\u00e1 o&nbsp; da comunidade&nbsp; lajinha&nbsp; onde ser\u00e1 constru\u00edda uma grande barragem e&nbsp; ainda&nbsp; com&nbsp; cria\u00e7\u00e3o&nbsp; comercial de&nbsp; peixes, perfura\u00e7\u00e3o&nbsp; de&nbsp; po\u00e7os&nbsp; artesianos&nbsp; &nbsp;em&nbsp; varias&nbsp; &nbsp;regi\u00f5es ,&nbsp; a&nbsp; comunidade&nbsp; com&nbsp; maior&nbsp; dificuldade&nbsp; &nbsp;em&nbsp; perfura\u00e7\u00e3o&nbsp; de po\u00e7os&nbsp; \u00e9&nbsp; a&nbsp; comunidade&nbsp; do&nbsp; Gabriel,&nbsp; porem&nbsp; \u00e9&nbsp; a&nbsp; que&nbsp; mais&nbsp; &nbsp;tem&nbsp; recebido&nbsp; &nbsp;aten\u00e7\u00e3o&nbsp; por&nbsp; parte&nbsp; da&nbsp; prefeitura.Ainda&nbsp; segundo&nbsp; o&nbsp; secretario, a&nbsp; popula\u00e7\u00e3o tem&nbsp; &nbsp;procurado&nbsp; o&nbsp; departamento&nbsp; de&nbsp; agendamento para&nbsp; colocarem&nbsp; &nbsp;seus&nbsp; nomes,&nbsp; e que&nbsp; nunca&nbsp; deixou&nbsp; de&nbsp; atender&nbsp; a&nbsp; todos, a&nbsp; n\u00e3o&nbsp; ser&nbsp; que&nbsp; &nbsp;o&nbsp; nome&nbsp; n\u00e3o&nbsp; esteja&nbsp; na lista,&nbsp; e&nbsp; que&nbsp; tanto&nbsp; o&nbsp; secretario,&nbsp; quanto&nbsp; o&nbsp; prefeito&nbsp; est\u00e3o&nbsp; sempre&nbsp; &nbsp;a&nbsp; disposi\u00e7\u00e3o&nbsp; da&nbsp; popula\u00e7\u00e3o para&nbsp; solucionar&nbsp; a&nbsp; demanda&nbsp; dos mesmos, estamos trabalhando&nbsp; incansavelmente&nbsp; em&nbsp; favor do&nbsp; povo da prata.<\/p>\n\n\n\n<p><\/p>\n\n\n\n<figure class=\"wp-block-image\"><a href=\"https:\/\/1.bp.blogspot.com\/-zoSwkbXa6jg\/XX9sLuRvn5I\/AAAAAAABT7E\/9j6LvtsSUso23iag14VGH9lXLuJPHDlbgCLcBGAsYHQ\/s1600\/IMG-20190915-WA0026.jpg\"><img decoding=\"async\" data-src=\"https:\/\/1.bp.blogspot.com\/-zoSwkbXa6jg\/XX9sLuRvn5I\/AAAAAAABT7E\/9j6LvtsSUso23iag14VGH9lXLuJPHDlbgCLcBGAsYHQ\/s320\/IMG-20190915-WA0026.jpg\" alt=\"\" src=\"data:image\/svg+xml;base64,PHN2ZyB3aWR0aD0iMSIgaGVpZ2h0PSIxIiB4bWxucz0iaHR0cDovL3d3dy53My5vcmcvMjAwMC9zdmciPjwvc3ZnPg==\" class=\"lazyload\" \/><\/a><\/figure>\n","protected":false},"excerpt":{"rendered":"<p>Atrav\u00e9s da secretaria&nbsp; de agricultura do&nbsp; munic\u00edpio,&nbsp; a&nbsp; prefeitura vem&nbsp; intensificando o&nbsp; abastecimento nas&nbsp; comunidades rurais,&nbsp; segundo o secret\u00e1rio&nbsp; &nbsp;de agricultura Genivaldo temborio,s\u00e3o&nbsp; mais de&hellip; <\/p>\n","protected":false},"author":1,"featured_media":117351,"comment_status":"closed","ping_status":"closed","sticky":false,"template":"","format":"standard","meta":{"sfsi_plus_gutenberg_text_before_share":"","sfsi_plus_gutenberg_show_text_before_share":"","sfsi_plus_gutenberg_icon_type":"","sfsi_plus_gutenberg_icon_alignemt":"","sfsi_plus_gutenburg_max_per_row":"","footnotes":""},"categories":[6],"tags":[],"class_list":["post-117349","post","type-post","status-publish","format-standard","has-post-thumbnail","hentry","category-cidades"],"_links":{"self":[{"href":"https:\/\/www.caririemacao.com\/1\/wp-json\/wp\/v2\/posts\/117349","targetHints":{"allow":["GET"]}}],"collection":[{"href":"https:\/\/www.caririemacao.com\/1\/wp-json\/wp\/v2\/posts"}],"about":[{"href":"https:\/\/www.caririemacao.com\/1\/wp-json\/wp\/v2\/types\/post"}],"author":[{"embeddable":true,"href":"https:\/\/www.caririemacao.com\/1\/wp-json\/wp\/v2\/users\/1"}],"replies":[{"embeddable":true,"href":"https:\/\/www.caririemacao.com\/1\/wp-json\/wp\/v2\/comments?post=117349"}],"version-history":[{"count":1,"href":"https:\/\/www.caririemacao.com\/1\/wp-json\/wp\/v2\/posts\/117349\/revisions"}],"predecessor-version":[{"id":117352,"href":"https:\/\/www.caririemacao.com\/1\/wp-json\/wp\/v2\/posts\/117349\/revisions\/117352"}],"wp:featuredmedia":[{"embeddable":true,"href":"https:\/\/www.caririemacao.com\/1\/wp-json\/wp\/v2\/media\/117351"}],"wp:attachment":[{"href":"https:\/\/www.caririemacao.com\/1\/wp-json\/wp\/v2\/media?parent=117349"}],"wp:term":[{"taxonomy":"category","embeddable":true,"href":"https:\/\/www.caririemacao.com\/1\/wp-json\/wp\/v2\/categories?post=117349"},{"taxonomy":"post_tag","embeddable":true,"href":"https:\/\/www.caririemacao.com\/1\/wp-json\/wp\/v2\/tags?post=117349"}],"curies":[{"name":"wp","href":"https:\/\/api.w.org\/{rel}","templated":true}]}}