{"id":117359,"date":"2019-09-17T13:47:45","date_gmt":"2019-09-17T16:47:45","guid":{"rendered":"http:\/\/www.caririemacao.com\/1\/?p=117359"},"modified":"2019-09-17T13:47:45","modified_gmt":"2019-09-17T16:47:45","slug":"camara-aprova-e-prefeito-eden-sanciona-lei-que-declara-festa-da-padroeira-de-sume-patrimonio-historico-e-cultural","status":"publish","type":"post","link":"https:\/\/www.caririemacao.com\/1\/2019\/09\/17\/camara-aprova-e-prefeito-eden-sanciona-lei-que-declara-festa-da-padroeira-de-sume-patrimonio-historico-e-cultural\/","title":{"rendered":"C\u00e2mara aprova e prefeito \u00c9den sanciona Lei que declara Festa da Padroeira de Sum\u00e9 Patrim\u00f4nio Hist\u00f3rico e Cultural"},"content":{"rendered":"\n<p>aprovou na reuni\u00e3o desta segunda-feira (16\/09), por unanimidade, o projeto de Lei n\u00b0 535\/2019, de autoria do vereador Bon\u00edlson Tim\u00f3teo, que declara a Festa da Padroeira de Nossa Senhora da Concei\u00e7\u00e3o do Munic\u00edpio de Sum\u00e9 como Patrim\u00f4nio Hist\u00f3rico, Cultural e Imaterial.<\/p>\n\n\n\n<p>A reuni\u00e3o do Legislativo contou com a presen\u00e7a do P\u00e1roco Padre Claudeci Soares e do conselho paroquial. O projeto foi elaborado em comum acordo com o Padre Claudeci e com o prefeito \u00c9den Duarte. O projeto de Lei foi sancionado nesta ter\u00e7a-feira (18) por \u00c9den, transformando-se na Lei n\u00b0 1.324, de 17 de setembro de 2019.<\/p>\n\n\n\n<p>A festa da Padroeira de Sum\u00e9 \u00e9 realizada todos os anos de 29 de novembro a 08 de dezembro, estando inserida no calend\u00e1rio da Igreja Cat\u00f3lica. Com a Lei, ela ser\u00e1 inserida oficialmente no calend\u00e1rio de eventos do munic\u00edpio e poder\u00e1 ser feita parceria p\u00fablico-privada para a realiza\u00e7\u00e3o do evento.<\/p>\n\n\n\n<p>Segundo o vereador Bon\u00edlson n\u00e3o h\u00e1 como negar que, no aspecto religioso, Sum\u00e9 e destaque na regi\u00e3o do Cariri Paraibano pela not\u00f3ria devo\u00e7\u00e3o dos cat\u00f3licos a Nossa Senhora da Concei\u00e7\u00e3o.<\/p>\n\n\n\n<p>\u201cAl\u00e9m da programa\u00e7\u00e3o religiosa, temos tamb\u00e9m a programa\u00e7\u00e3o social que, depois de um per\u00edodo de recesso, vem crescendo gradativamente e tendo como destaque o envolvimento das fam\u00edlias e da juventude que participa ativamente da programa\u00e7\u00e3o\u201d, disse Bon\u00edlson.<\/p>\n\n\n\n<p>Bon\u00edlson tamb\u00e9m justificou que entre outras atividades pode-se mencionar o jantar dos casais, que j\u00e1 se tornou uma das ocasi\u00f5es familiares mais festivas, e o pavilh\u00e3o, que com seu crescimento traz um novo sentido festivo, al\u00e9m do fato de que a festa da padroeira movimenta e estimula o com\u00e9rcio, sem contar com o turismo religioso e cultural.<\/p>\n\n\n\n<p>Padre Claudeci, nas redes sociais, fez o seu agradecimento aos vereadores pela aprova\u00e7\u00e3o do Projeto.<\/p>\n\n\n\n<p>Ascom PMS<\/p>\n","protected":false},"excerpt":{"rendered":"<p>aprovou na reuni\u00e3o desta segunda-feira (16\/09), por unanimidade, o projeto de Lei n\u00b0 535\/2019, de autoria do vereador Bon\u00edlson Tim\u00f3teo, que declara a Festa da&hellip; <\/p>\n","protected":false},"author":1,"featured_media":117361,"comment_status":"closed","ping_status":"closed","sticky":false,"template":"","format":"standard","meta":{"sfsi_plus_gutenberg_text_before_share":"","sfsi_plus_gutenberg_show_text_before_share":"","sfsi_plus_gutenberg_icon_type":"","sfsi_plus_gutenberg_icon_alignemt":"","sfsi_plus_gutenburg_max_per_row":"","footnotes":""},"categories":[2],"tags":[],"class_list":["post-117359","post","type-post","status-publish","format-standard","has-post-thumbnail","hentry","category-geral"],"_links":{"self":[{"href":"https:\/\/www.caririemacao.com\/1\/wp-json\/wp\/v2\/posts\/117359","targetHints":{"allow":["GET"]}}],"collection":[{"href":"https:\/\/www.caririemacao.com\/1\/wp-json\/wp\/v2\/posts"}],"about":[{"href":"https:\/\/www.caririemacao.com\/1\/wp-json\/wp\/v2\/types\/post"}],"author":[{"embeddable":true,"href":"https:\/\/www.caririemacao.com\/1\/wp-json\/wp\/v2\/users\/1"}],"replies":[{"embeddable":true,"href":"https:\/\/www.caririemacao.com\/1\/wp-json\/wp\/v2\/comments?post=117359"}],"version-history":[{"count":1,"href":"https:\/\/www.caririemacao.com\/1\/wp-json\/wp\/v2\/posts\/117359\/revisions"}],"predecessor-version":[{"id":117362,"href":"https:\/\/www.caririemacao.com\/1\/wp-json\/wp\/v2\/posts\/117359\/revisions\/117362"}],"wp:featuredmedia":[{"embeddable":true,"href":"https:\/\/www.caririemacao.com\/1\/wp-json\/wp\/v2\/media\/117361"}],"wp:attachment":[{"href":"https:\/\/www.caririemacao.com\/1\/wp-json\/wp\/v2\/media?parent=117359"}],"wp:term":[{"taxonomy":"category","embeddable":true,"href":"https:\/\/www.caririemacao.com\/1\/wp-json\/wp\/v2\/categories?post=117359"},{"taxonomy":"post_tag","embeddable":true,"href":"https:\/\/www.caririemacao.com\/1\/wp-json\/wp\/v2\/tags?post=117359"}],"curies":[{"name":"wp","href":"https:\/\/api.w.org\/{rel}","templated":true}]}}