{"id":117367,"date":"2019-09-17T13:50:30","date_gmt":"2019-09-17T16:50:30","guid":{"rendered":"http:\/\/www.caririemacao.com\/1\/?p=117367"},"modified":"2019-09-17T13:50:30","modified_gmt":"2019-09-17T16:50:30","slug":"ifpb-campus-monteiro-seleciona-professor-substituto-com-inscricoes-ate-29-de-setembro","status":"publish","type":"post","link":"https:\/\/www.caririemacao.com\/1\/2019\/09\/17\/ifpb-campus-monteiro-seleciona-professor-substituto-com-inscricoes-ate-29-de-setembro\/","title":{"rendered":"IFPB campus Monteiro seleciona professor substituto com inscri\u00e7\u00f5es at\u00e9 29 de setembro"},"content":{"rendered":"\n<p>O Instituto Federal da Para\u00edba campus Monteiro lan\u00e7ou edital de sele\u00e7\u00e3o para professor substituto. H\u00e1 uma vaga para na \u00e1rea de Inform\u00e1tica volta para: Algoritmos e L\u00f3gica de Programa\u00e7\u00e3o, Programa\u00e7\u00e3o Orientada a Objetos, Estruturas de Dados, Banco de Dados, Desenvolvimento de Aplica\u00e7\u00f5es Web, An\u00e1lise e Projeto de Sistemas<\/p>\n\n\n\n<p><a href=\"https:\/\/www.ifpb.edu.br\/concursopublico\/professor-substituto\/vigentes\/edital-146-2019-campus-monteiro\/edital-146-2019-subst-monteiro.pdf\" target=\"_blank\" rel=\"noreferrer noopener\">Acesse aqui<\/a>&nbsp;o edital 146\/2019.<\/p>\n\n\n\n<p>As inscri\u00e7\u00f5es para v\u00e3o de 14 a 29 de setembro de 2019.<\/p>\n\n\n\n<p>Para se inscrever basta preencher Formul\u00e1rio de Inscri\u00e7\u00e3o disponibilizado atrav\u00e9s do portal do IFPB (<a href=\"http:\/\/www.ifpb.edu.br\/concursopublico\/professor-substituto\/vigentes\" target=\"_blank\" rel=\"noreferrer noopener\">http:\/\/www.ifpb.edu.br\/concursopublico\/professor-substituto\/vigentes<\/a>);<\/p>\n\n\n\n<p>Efetuar recolhimento da taxa de inscri\u00e7\u00e3o no valor de R$ 100,00 (cem reais) por meio de boleto banc\u00e1rio gerado no ato da inscri\u00e7\u00e3o, a ser pago preferencialmente no Banco do Brasil.<\/p>\n\n\n\n<p>O Processo seletivo ser\u00e1 atrav\u00e9s de Prova de Desempenho (1\u00aa etapa), de car\u00e1ter eliminat\u00f3rio e classificat\u00f3rio e Prova de T\u00edtulos (2\u00aa etapa), de car\u00e1ter classificat\u00f3rio.<\/p>\n\n\n\n<p>As provas ser\u00e3o realizadas no IFPB campus Monteiro na data prov\u00e1vel de 9 de outubro de 2019.<\/p>\n","protected":false},"excerpt":{"rendered":"<p>O Instituto Federal da Para\u00edba campus Monteiro lan\u00e7ou edital de sele\u00e7\u00e3o para professor substituto. H\u00e1 uma vaga para na \u00e1rea de Inform\u00e1tica volta para: Algoritmos&hellip; <\/p>\n","protected":false},"author":1,"featured_media":117370,"comment_status":"closed","ping_status":"closed","sticky":false,"template":"","format":"standard","meta":{"sfsi_plus_gutenberg_text_before_share":"","sfsi_plus_gutenberg_show_text_before_share":"","sfsi_plus_gutenberg_icon_type":"","sfsi_plus_gutenberg_icon_alignemt":"","sfsi_plus_gutenburg_max_per_row":"","footnotes":""},"categories":[14],"tags":[],"class_list":["post-117367","post","type-post","status-publish","format-standard","has-post-thumbnail","hentry","category-educacao"],"_links":{"self":[{"href":"https:\/\/www.caririemacao.com\/1\/wp-json\/wp\/v2\/posts\/117367","targetHints":{"allow":["GET"]}}],"collection":[{"href":"https:\/\/www.caririemacao.com\/1\/wp-json\/wp\/v2\/posts"}],"about":[{"href":"https:\/\/www.caririemacao.com\/1\/wp-json\/wp\/v2\/types\/post"}],"author":[{"embeddable":true,"href":"https:\/\/www.caririemacao.com\/1\/wp-json\/wp\/v2\/users\/1"}],"replies":[{"embeddable":true,"href":"https:\/\/www.caririemacao.com\/1\/wp-json\/wp\/v2\/comments?post=117367"}],"version-history":[{"count":1,"href":"https:\/\/www.caririemacao.com\/1\/wp-json\/wp\/v2\/posts\/117367\/revisions"}],"predecessor-version":[{"id":117371,"href":"https:\/\/www.caririemacao.com\/1\/wp-json\/wp\/v2\/posts\/117367\/revisions\/117371"}],"wp:featuredmedia":[{"embeddable":true,"href":"https:\/\/www.caririemacao.com\/1\/wp-json\/wp\/v2\/media\/117370"}],"wp:attachment":[{"href":"https:\/\/www.caririemacao.com\/1\/wp-json\/wp\/v2\/media?parent=117367"}],"wp:term":[{"taxonomy":"category","embeddable":true,"href":"https:\/\/www.caririemacao.com\/1\/wp-json\/wp\/v2\/categories?post=117367"},{"taxonomy":"post_tag","embeddable":true,"href":"https:\/\/www.caririemacao.com\/1\/wp-json\/wp\/v2\/tags?post=117367"}],"curies":[{"name":"wp","href":"https:\/\/api.w.org\/{rel}","templated":true}]}}