{"id":117379,"date":"2019-09-17T13:54:28","date_gmt":"2019-09-17T16:54:28","guid":{"rendered":"http:\/\/www.caririemacao.com\/1\/?p=117379"},"modified":"2019-09-17T13:54:28","modified_gmt":"2019-09-17T16:54:28","slug":"sbt-recua-e-altera-video-sobre-nordeste-para-incluir-a-paraiba-em-campanha-publicitaria","status":"publish","type":"post","link":"https:\/\/www.caririemacao.com\/1\/2019\/09\/17\/sbt-recua-e-altera-video-sobre-nordeste-para-incluir-a-paraiba-em-campanha-publicitaria\/","title":{"rendered":"SBT recua e altera v\u00eddeo sobre Nordeste para incluir a Para\u00edba em campanha publicit\u00e1ria"},"content":{"rendered":"\n<p>Ap\u00f3s repercuss\u00e3o sobre a exclus\u00e3o da Para\u00edba do v\u00eddeo do SBT sobre o Nordeste, a emissora voltou atr\u00e1s e incluiu o estado no material audiovisual de marketing. A informa\u00e7\u00e3o foi repassada pelo jornalista Lu\u00eds Torres, no programa Arapuan Verdade, da r\u00e1dio Arapuan FM, nesta ter\u00e7a-feira (17).<\/p>\n\n\n\n<p>Lu\u00eds Torres disse que a dire\u00e7\u00e3o do SBT entrou em contato com o governador Jo\u00e3o Azev\u00eado para tratar do espa\u00e7o da Para\u00edba na campanha.<\/p>\n\n\n\n<p><a href=\"https:\/\/www.clickpb.com.br\/paraiba\/sbt-exclui-paraiba-do-mapa-em-campanha-publicitaria-sobre-o-nordeste-267933.html\">Veja v\u00eddeo da campanha do SBT<\/a><\/p>\n\n\n\n<p>O v\u00eddeo inicial do SBT exalta Pernambuco, Maranh\u00e3o, Bahia, Rio Grande do Norte e Cear\u00e1, mas deixa de retratar, por exemplo, o S\u00e3o Jo\u00e3o de Campina Grande.<\/p>\n","protected":false},"excerpt":{"rendered":"<p>Ap\u00f3s repercuss\u00e3o sobre a exclus\u00e3o da Para\u00edba do v\u00eddeo do SBT sobre o Nordeste, a emissora voltou atr\u00e1s e incluiu o estado no material audiovisual&hellip; <\/p>\n","protected":false},"author":1,"featured_media":89021,"comment_status":"closed","ping_status":"closed","sticky":false,"template":"","format":"standard","meta":{"sfsi_plus_gutenberg_text_before_share":"","sfsi_plus_gutenberg_show_text_before_share":"","sfsi_plus_gutenberg_icon_type":"","sfsi_plus_gutenberg_icon_alignemt":"","sfsi_plus_gutenburg_max_per_row":"","footnotes":""},"categories":[50,2],"tags":[],"class_list":["post-117379","post","type-post","status-publish","format-standard","has-post-thumbnail","hentry","category-destaque","category-geral"],"_links":{"self":[{"href":"https:\/\/www.caririemacao.com\/1\/wp-json\/wp\/v2\/posts\/117379","targetHints":{"allow":["GET"]}}],"collection":[{"href":"https:\/\/www.caririemacao.com\/1\/wp-json\/wp\/v2\/posts"}],"about":[{"href":"https:\/\/www.caririemacao.com\/1\/wp-json\/wp\/v2\/types\/post"}],"author":[{"embeddable":true,"href":"https:\/\/www.caririemacao.com\/1\/wp-json\/wp\/v2\/users\/1"}],"replies":[{"embeddable":true,"href":"https:\/\/www.caririemacao.com\/1\/wp-json\/wp\/v2\/comments?post=117379"}],"version-history":[{"count":1,"href":"https:\/\/www.caririemacao.com\/1\/wp-json\/wp\/v2\/posts\/117379\/revisions"}],"predecessor-version":[{"id":117382,"href":"https:\/\/www.caririemacao.com\/1\/wp-json\/wp\/v2\/posts\/117379\/revisions\/117382"}],"wp:featuredmedia":[{"embeddable":true,"href":"https:\/\/www.caririemacao.com\/1\/wp-json\/wp\/v2\/media\/89021"}],"wp:attachment":[{"href":"https:\/\/www.caririemacao.com\/1\/wp-json\/wp\/v2\/media?parent=117379"}],"wp:term":[{"taxonomy":"category","embeddable":true,"href":"https:\/\/www.caririemacao.com\/1\/wp-json\/wp\/v2\/categories?post=117379"},{"taxonomy":"post_tag","embeddable":true,"href":"https:\/\/www.caririemacao.com\/1\/wp-json\/wp\/v2\/tags?post=117379"}],"curies":[{"name":"wp","href":"https:\/\/api.w.org\/{rel}","templated":true}]}}