{"id":117396,"date":"2019-09-17T14:06:16","date_gmt":"2019-09-17T17:06:16","guid":{"rendered":"http:\/\/www.caririemacao.com\/1\/?p=117396"},"modified":"2019-09-17T14:06:16","modified_gmt":"2019-09-17T17:06:16","slug":"heroi-do-acesso-em-2018-acerta-retorno-ao-treze-para-proxima-temporada","status":"publish","type":"post","link":"https:\/\/www.caririemacao.com\/1\/2019\/09\/17\/heroi-do-acesso-em-2018-acerta-retorno-ao-treze-para-proxima-temporada\/","title":{"rendered":"Her\u00f3i do acesso em 2018 acerta retorno ao Treze para pr\u00f3xima temporada"},"content":{"rendered":"\n<p><br>Seguindo o ritmo \u201cconta-gotas\u201d para divulga\u00e7\u00e3o de contrata\u00e7\u00f5es, assim como v\u00e1rios clubes est\u00e3o fazendo, e atendendo a mais um pedido do t\u00e9cnico Celso Teixeira, a diretoria do Treze anunciou o acerto com mais um jogador com passagem marcante pelo est\u00e1dio Presidente Vargas.<\/p>\n\n\n\n<p>No final da noite desta segunda-feira (17), atrav\u00e9s dos perfis oficiais nas redes sociais, o Galo confirmou o retorno do volante Ded\u00e9, de 32 anos, que estava no Sampaio Corr\u00eaa.<\/p>\n\n\n\n<p>O jogador, assim como o zagueiro&nbsp; William Goiano, fez parte do grupo vice-campe\u00e3o paraibano com Celso em 2017.<\/p>\n\n\n\n<figure class=\"wp-block-image\"><img decoding=\"async\" data-src=\"https:\/\/paraibaonline.com.br\/wp-content\/uploads\/2019\/09\/Ded%C3%A9_Treze.jpg\" alt=\"\" class=\"wp-image-806970 lazyload\" src=\"data:image\/svg+xml;base64,PHN2ZyB3aWR0aD0iMSIgaGVpZ2h0PSIxIiB4bWxucz0iaHR0cDovL3d3dy53My5vcmcvMjAwMC9zdmciPjwvc3ZnPg==\" \/><\/figure>\n\n\n\n<p>Foto: Arquivo \u2013 Ascom \/ Treze FC<\/p>\n\n\n\n<p>No caso de Ded\u00e9, ele ainda permaneceu no Treze em 2018, quando conquistou o acesso \u00e0 S\u00e9rie C, marcando o gol que selou a hist\u00f3rica vit\u00f3ria alvinegra por 3 a 1, contra o Caxias, no Rio Grande do Sul.<\/p>\n\n\n\n<p>A pr\u00e9-temporada do Galo vai ser inciada no dia 18 de novembro, no PV. Em 2020, al\u00e9m do Campeonato Paraibano, o Treze vai disputar novamente a S\u00e9rie C do Brasileiro.<\/p>\n","protected":false},"excerpt":{"rendered":"<p>Seguindo o ritmo \u201cconta-gotas\u201d para divulga\u00e7\u00e3o de contrata\u00e7\u00f5es, assim como v\u00e1rios clubes est\u00e3o fazendo, e atendendo a mais um pedido do t\u00e9cnico Celso Teixeira, a&hellip; <\/p>\n","protected":false},"author":1,"featured_media":117398,"comment_status":"closed","ping_status":"closed","sticky":false,"template":"","format":"standard","meta":{"sfsi_plus_gutenberg_text_before_share":"","sfsi_plus_gutenberg_show_text_before_share":"","sfsi_plus_gutenberg_icon_type":"","sfsi_plus_gutenberg_icon_alignemt":"","sfsi_plus_gutenburg_max_per_row":"","footnotes":""},"categories":[13],"tags":[],"class_list":["post-117396","post","type-post","status-publish","format-standard","has-post-thumbnail","hentry","category-esportes"],"_links":{"self":[{"href":"https:\/\/www.caririemacao.com\/1\/wp-json\/wp\/v2\/posts\/117396","targetHints":{"allow":["GET"]}}],"collection":[{"href":"https:\/\/www.caririemacao.com\/1\/wp-json\/wp\/v2\/posts"}],"about":[{"href":"https:\/\/www.caririemacao.com\/1\/wp-json\/wp\/v2\/types\/post"}],"author":[{"embeddable":true,"href":"https:\/\/www.caririemacao.com\/1\/wp-json\/wp\/v2\/users\/1"}],"replies":[{"embeddable":true,"href":"https:\/\/www.caririemacao.com\/1\/wp-json\/wp\/v2\/comments?post=117396"}],"version-history":[{"count":1,"href":"https:\/\/www.caririemacao.com\/1\/wp-json\/wp\/v2\/posts\/117396\/revisions"}],"predecessor-version":[{"id":117399,"href":"https:\/\/www.caririemacao.com\/1\/wp-json\/wp\/v2\/posts\/117396\/revisions\/117399"}],"wp:featuredmedia":[{"embeddable":true,"href":"https:\/\/www.caririemacao.com\/1\/wp-json\/wp\/v2\/media\/117398"}],"wp:attachment":[{"href":"https:\/\/www.caririemacao.com\/1\/wp-json\/wp\/v2\/media?parent=117396"}],"wp:term":[{"taxonomy":"category","embeddable":true,"href":"https:\/\/www.caririemacao.com\/1\/wp-json\/wp\/v2\/categories?post=117396"},{"taxonomy":"post_tag","embeddable":true,"href":"https:\/\/www.caririemacao.com\/1\/wp-json\/wp\/v2\/tags?post=117396"}],"curies":[{"name":"wp","href":"https:\/\/api.w.org\/{rel}","templated":true}]}}