{"id":117404,"date":"2019-09-17T14:08:18","date_gmt":"2019-09-17T17:08:18","guid":{"rendered":"http:\/\/www.caririemacao.com\/1\/?p=117404"},"modified":"2019-09-17T14:08:18","modified_gmt":"2019-09-17T17:08:18","slug":"quase-70-do-gasto-federal-e-atrelado-variacao-de-indicadores-como-o-salario-minimo","status":"publish","type":"post","link":"https:\/\/www.caririemacao.com\/1\/2019\/09\/17\/quase-70-do-gasto-federal-e-atrelado-variacao-de-indicadores-como-o-salario-minimo\/","title":{"rendered":"Quase 70% do gasto federal \u00e9 atrelado varia\u00e7\u00e3o de indicadores, como o sal\u00e1rio m\u00ednimo"},"content":{"rendered":"\n<p>(FOLHAPRESS) \u2013 A discuss\u00e3o em torno dos crit\u00e9rios de recomposi\u00e7\u00e3o do sal\u00e1rio m\u00ednimo, bem como o fim de seu reajuste pela infla\u00e7\u00e3o, tomam como ponto de partida a necessidade de revis\u00e3o do alto grau de indexa\u00e7\u00e3o das contas p\u00fablicas.<\/p>\n\n\n\n<p>Segundo relat\u00f3rio do Tesouro Nacional, quase 70% das chamadas despesas prim\u00e1rias est\u00e3o atreladas \u00e0 varia\u00e7\u00e3o de algum \u00edndice.<\/p>\n\n\n\n<p>As despesas prim\u00e1rias s\u00e3o aquelas que abarcam benef\u00edcios sociais e previdenci\u00e1rios, custeio da m\u00e1quina p\u00fablica, al\u00e9m de investimentos, e n\u00e3o incluem gastos financeiros, como pagamento de juros da d\u00edvida.<\/p>\n\n\n\n<p>Por causa da indexa\u00e7\u00e3o, grande parte delas tende a crescer automaticamente, mesmo que n\u00e3o ocorra uma nova demanda que justifique o aumento.<\/p>\n\n\n\n<p>Pelas estimativas do Tesouro, neste ano, cerca de 67,7% das despesas -quase R$ 957 bilh\u00f5es do R$ 1,4 trilh\u00e3o projetado para suprir as despesas- sofreram reajustes por algum indicador.<\/p>\n\n\n\n<p>O sal\u00e1rio m\u00ednimo \u00e9 de longe o que tem maior participa\u00e7\u00e3o. Mas tamb\u00e9m t\u00eam pesos expressivos \u00edndices de infla\u00e7\u00e3o, como o INPC e o IPCA.<\/p>\n\n\n\n<p>A parcela indexada tem crescido, segundo o relat\u00f3rio. Em 2016, cerca de 63% da despesa eram indexadas -4 pontos percentuais a menos. A parcela equivalia a R$ 788 bilh\u00f5es, de uma despesa prim\u00e1ria que ent\u00e3o totalizava R$ 1,2 trilh\u00e3o.<\/p>\n\n\n\n<p>Entre as despesas que t\u00eam parte de seus reajustas atrelados \u00e0 varia\u00e7\u00e3o do sal\u00e1rio m\u00ednimo est\u00e3o benef\u00edcios assistenciais e previdenci\u00e1rios.<\/p>\n\n\n\n<p>No caso da Previd\u00eancia, tanto receitas quanto despesas sofrem reajuste pelo INPC. O \u00edndice \u00e9 aplicado nos benef\u00edcios acima do piso.<\/p>\n\n\n\n<p>O sal\u00e1rio m\u00ednimo, por sua vez, serve de par\u00e2metro para reajustes do piso. Neste ano, a proje\u00e7\u00e3o \u00e9 que os benef\u00edcios previdenci\u00e1rios ficam na casa de R$ 630 bilh\u00f5es.<\/p>\n\n\n\n<p>RMV (Renda Mensal Vital\u00edcia), BPC (Benef\u00edcio de Presta\u00e7\u00e3o Continuada), abono e seguro desemprego s\u00e3o diretamente afetados pelo sal\u00e1rio m\u00ednimo e ainda refletem, em parte, a varia\u00e7\u00e3o do INPC, que tamb\u00e9m comp\u00f5e o reajuste do m\u00ednimo. Esse grupo soma neste ano cerca de R$ 117 bilh\u00f5es pelo apontado no relat\u00f3rio do Tesouro.<\/p>\n\n\n\n<p>Mas h\u00e1 outros indicadores. Parte dos recursos Fundeb (fundo destinado ao ensino b\u00e1sico), por exemplo, acompanha a varia\u00e7\u00e3o da receita com impostos.<\/p>\n\n\n\n<p>O fim do reajuste do sal\u00e1rio m\u00ednimo pela infla\u00e7\u00e3o est\u00e1 em discuss\u00e3o na C\u00e2mara, dentro de um pacote de medidas para o ajuste fiscal, capitaneado pelos deputados Pedro Paulo (DEM-RJ) e Felipe Rigoni (PSB-ES).<\/p>\n\n\n\n<p>A avalia\u00e7\u00e3o dos parlamentares e da equipe econ\u00f4mica \u00e9 que o debate do tema pode ganhar espa\u00e7o agora, uma vez que infla\u00e7\u00e3o caiu a patamares hist\u00f3ricos e tende a permanecer baixa.<\/p>\n\n\n\n<p>Nos 12 meses encerrados em agosto, o IPCA, \u00edndice oficial da infla\u00e7\u00e3o, acumula alta de 3,43%. O INPC, por sua vez, que serve de par\u00e2metro para o reajuste do sal\u00e1rio m\u00ednimo, teve alta de 3,28% no mesmo per\u00edodo.<\/p>\n","protected":false},"excerpt":{"rendered":"<p>(FOLHAPRESS) \u2013 A discuss\u00e3o em torno dos crit\u00e9rios de recomposi\u00e7\u00e3o do sal\u00e1rio m\u00ednimo, bem como o fim de seu reajuste pela infla\u00e7\u00e3o, tomam como ponto&hellip; <\/p>\n","protected":false},"author":1,"featured_media":105625,"comment_status":"closed","ping_status":"closed","sticky":false,"template":"","format":"standard","meta":{"sfsi_plus_gutenberg_text_before_share":"","sfsi_plus_gutenberg_show_text_before_share":"","sfsi_plus_gutenberg_icon_type":"","sfsi_plus_gutenberg_icon_alignemt":"","sfsi_plus_gutenburg_max_per_row":"","footnotes":""},"categories":[11],"tags":[],"class_list":["post-117404","post","type-post","status-publish","format-standard","has-post-thumbnail","hentry","category-politica"],"_links":{"self":[{"href":"https:\/\/www.caririemacao.com\/1\/wp-json\/wp\/v2\/posts\/117404","targetHints":{"allow":["GET"]}}],"collection":[{"href":"https:\/\/www.caririemacao.com\/1\/wp-json\/wp\/v2\/posts"}],"about":[{"href":"https:\/\/www.caririemacao.com\/1\/wp-json\/wp\/v2\/types\/post"}],"author":[{"embeddable":true,"href":"https:\/\/www.caririemacao.com\/1\/wp-json\/wp\/v2\/users\/1"}],"replies":[{"embeddable":true,"href":"https:\/\/www.caririemacao.com\/1\/wp-json\/wp\/v2\/comments?post=117404"}],"version-history":[{"count":1,"href":"https:\/\/www.caririemacao.com\/1\/wp-json\/wp\/v2\/posts\/117404\/revisions"}],"predecessor-version":[{"id":117407,"href":"https:\/\/www.caririemacao.com\/1\/wp-json\/wp\/v2\/posts\/117404\/revisions\/117407"}],"wp:featuredmedia":[{"embeddable":true,"href":"https:\/\/www.caririemacao.com\/1\/wp-json\/wp\/v2\/media\/105625"}],"wp:attachment":[{"href":"https:\/\/www.caririemacao.com\/1\/wp-json\/wp\/v2\/media?parent=117404"}],"wp:term":[{"taxonomy":"category","embeddable":true,"href":"https:\/\/www.caririemacao.com\/1\/wp-json\/wp\/v2\/categories?post=117404"},{"taxonomy":"post_tag","embeddable":true,"href":"https:\/\/www.caririemacao.com\/1\/wp-json\/wp\/v2\/tags?post=117404"}],"curies":[{"name":"wp","href":"https:\/\/api.w.org\/{rel}","templated":true}]}}