{"id":117429,"date":"2019-09-17T17:24:13","date_gmt":"2019-09-17T20:24:13","guid":{"rendered":"http:\/\/www.caririemacao.com\/1\/?p=117429"},"modified":"2019-09-17T18:40:18","modified_gmt":"2019-09-17T21:40:18","slug":"exclusivo-acidente-deixa-ferido-na-cidade-de-sume","status":"publish","type":"post","link":"https:\/\/www.caririemacao.com\/1\/2019\/09\/17\/exclusivo-acidente-deixa-ferido-na-cidade-de-sume\/","title":{"rendered":"Exclusivo: Acidente deixa ferido na cidade de Sum\u00e9"},"content":{"rendered":"\n<figure class=\"wp-block-image\"><img fetchpriority=\"high\" decoding=\"async\" width=\"1024\" height=\"768\" src=\"http:\/\/www.caririemacao.com\/1\/wp-content\/uploads\/2019\/09\/IMG-20190917-WA0027-1024x768.jpg\" alt=\"\" class=\"wp-image-117432\" srcset=\"https:\/\/www.caririemacao.com\/1\/wp-content\/uploads\/2019\/09\/IMG-20190917-WA0027-1024x768.jpg 1024w, https:\/\/www.caririemacao.com\/1\/wp-content\/uploads\/2019\/09\/IMG-20190917-WA0027-300x225.jpg 300w, https:\/\/www.caririemacao.com\/1\/wp-content\/uploads\/2019\/09\/IMG-20190917-WA0027-768x576.jpg 768w, https:\/\/www.caririemacao.com\/1\/wp-content\/uploads\/2019\/09\/IMG-20190917-WA0027.jpg 1032w\" sizes=\"(max-width: 1024px) 100vw, 1024px\" \/><\/figure>\n\n\n\n<p>Um acidente entre um carro e uma moto na cidade de Sum\u00e9 acabou deixando o jovem Marcos de Oliveira Rafael neto de Bidora como v\u00edtima com escoria\u00e7\u00f5es. <br>O acidente ocorreu na BR 412, altura do Km 110, em frente a Pousada Alvorada, na sa\u00edda para Monteiro.<br>Marcos vinha em sua moto Honda placa KKV 9659 de Caruaru\/PE, quando colidiu na lateral de um carro KA Ford cor vermelho, placa OFZ 6510 de Jo\u00e3o Pessoa\/PB, pertencente ao senhor Alcindo Ramos de Lima o qual permaneceu no local at\u00e9 a chegada da viatura policial, o condutor do ve\u00edculo n\u00e3o sofreu nenhum ferimento.<\/p>\n\n\n\n<p>J\u00e1 o jovem Marcos foi socorrido pelo Samu para o hospital Alice de Almeida. Ele passa bem.<\/p>\n\n\n\n<p>A ocorr\u00eancia foi atendida pela Policia Militar, atrav\u00e9s do CB Almiberto, CB F\u00e1bio , CB Danrlei e o SD H\u00e9lder.<\/p>\n\n\n\n<p><strong>CARIRI EM A\u00c7\u00c3O <\/strong><\/p>\n","protected":false},"excerpt":{"rendered":"<p>Um acidente entre um carro e uma moto na cidade de Sum\u00e9 acabou deixando o jovem Marcos de Oliveira Rafael neto de Bidora como v\u00edtima&hellip; <\/p>\n","protected":false},"author":1,"featured_media":117431,"comment_status":"closed","ping_status":"closed","sticky":false,"template":"","format":"standard","meta":{"sfsi_plus_gutenberg_text_before_share":"","sfsi_plus_gutenberg_show_text_before_share":"","sfsi_plus_gutenberg_icon_type":"","sfsi_plus_gutenberg_icon_alignemt":"","sfsi_plus_gutenburg_max_per_row":"","footnotes":""},"categories":[50,12],"tags":[],"class_list":["post-117429","post","type-post","status-publish","format-standard","has-post-thumbnail","hentry","category-destaque","category-policia"],"_links":{"self":[{"href":"https:\/\/www.caririemacao.com\/1\/wp-json\/wp\/v2\/posts\/117429","targetHints":{"allow":["GET"]}}],"collection":[{"href":"https:\/\/www.caririemacao.com\/1\/wp-json\/wp\/v2\/posts"}],"about":[{"href":"https:\/\/www.caririemacao.com\/1\/wp-json\/wp\/v2\/types\/post"}],"author":[{"embeddable":true,"href":"https:\/\/www.caririemacao.com\/1\/wp-json\/wp\/v2\/users\/1"}],"replies":[{"embeddable":true,"href":"https:\/\/www.caririemacao.com\/1\/wp-json\/wp\/v2\/comments?post=117429"}],"version-history":[{"count":3,"href":"https:\/\/www.caririemacao.com\/1\/wp-json\/wp\/v2\/posts\/117429\/revisions"}],"predecessor-version":[{"id":117448,"href":"https:\/\/www.caririemacao.com\/1\/wp-json\/wp\/v2\/posts\/117429\/revisions\/117448"}],"wp:featuredmedia":[{"embeddable":true,"href":"https:\/\/www.caririemacao.com\/1\/wp-json\/wp\/v2\/media\/117431"}],"wp:attachment":[{"href":"https:\/\/www.caririemacao.com\/1\/wp-json\/wp\/v2\/media?parent=117429"}],"wp:term":[{"taxonomy":"category","embeddable":true,"href":"https:\/\/www.caririemacao.com\/1\/wp-json\/wp\/v2\/categories?post=117429"},{"taxonomy":"post_tag","embeddable":true,"href":"https:\/\/www.caririemacao.com\/1\/wp-json\/wp\/v2\/tags?post=117429"}],"curies":[{"name":"wp","href":"https:\/\/api.w.org\/{rel}","templated":true}]}}