{"id":117436,"date":"2019-09-17T17:29:04","date_gmt":"2019-09-17T20:29:04","guid":{"rendered":"http:\/\/www.caririemacao.com\/1\/?p=117436"},"modified":"2019-09-17T18:36:34","modified_gmt":"2019-09-17T21:36:34","slug":"ministerio-da-agricultura-autoriza-pagamento-do-garantia-safra-a-produtores-de-4-cidades-do-cariri","status":"publish","type":"post","link":"https:\/\/www.caririemacao.com\/1\/2019\/09\/17\/ministerio-da-agricultura-autoriza-pagamento-do-garantia-safra-a-produtores-de-4-cidades-do-cariri\/","title":{"rendered":"Minist\u00e9rio autoriza pagamento do Garantia-Safra a produtores de Sum\u00e9, Ouro Velho, Assun\u00e7\u00e3o e Tapero\u00e1"},"content":{"rendered":"\n<p>Produtores de sete munic\u00edpios da Para\u00edba receber\u00e3o, a partir deste m\u00eas, o&nbsp;pagamento&nbsp;referente&nbsp;ao recurso do programa Garantia-Safra para cobrir perdas com a seca. A&nbsp;portaria n\u00ba 4.315, que autoriza o pagamento, foi publicada pela Secretaria de Pol\u00edtica Agr\u00edcola do Minist\u00e9rio da Agricultura, Pecu\u00e1ria e Abastecimento (Mapa), nesta ter\u00e7a-feira&nbsp;(17). Neste m\u00eas, al\u00e9m da Para\u00edba, receber\u00e3o o pagamento agricultores da Bahia, Minas Gerais, Cear\u00e1, Maranh\u00e3o e Pernambuco.<\/p>\n\n\n\n<p>Na regi\u00e3o do Cariri, agricultores dos munic\u00edpios de Assun\u00e7\u00e3o, Ouro Velho, Sum\u00e9 e Tapero\u00e1 ter\u00e3o os seus benef\u00edcios liberados.<\/p>\n\n\n\n<p>Os pagamentos ser\u00e3o realizados a partir do m\u00eas de setembro de 2019, nas mesmas datas definidas pelo calend\u00e1rio de pagamento de benef\u00edcios sociais da Caixa Econ\u00f4mica Federal.<\/p>\n\n\n\n<p>T\u00eam direito a receber o benef\u00edcio os agricultores com renda mensal de at\u00e9 1 sal\u00e1rio m\u00ednimo e meio, quando tiverem perdas de produ\u00e7\u00e3o superiores a 50%. O Garantia-Safra prev\u00ea o repasse de R$ 850, divididos em cinco parcelas de R$ 170, que s\u00e3o depositadas diretamente no cart\u00e3o do Bolsa Fam\u00edlia.<\/p>\n\n\n\n<p>O Garantia-Safra tem como objetivo garantir condi\u00e7\u00f5es m\u00ednimas de sobreviv\u00eancia a agricultores familiares de munic\u00edpios sistematicamente sujeitos \u00e0 perda de safra, por raz\u00e3o de estiagem ou enchente, situados, prioritariamente, na \u00e1rea de atua\u00e7\u00e3o da Superintend\u00eancia do Desenvolvimento do Nordeste (Sudene).<\/p>\n\n\n\n<p><strong>Confira as cidades que ser\u00e3o contempladas:&nbsp; &nbsp; &nbsp; &nbsp; &nbsp; &nbsp; &nbsp; &nbsp; &nbsp; &nbsp; &nbsp;<\/strong><\/p>\n\n\n\n<p>Assun\u00e7\u00e3o<\/p>\n\n\n\n<p>M\u00e3e D\u2019\u00c1gua<\/p>\n\n\n\n<p>Ouro Velho<\/p>\n\n\n\n<p>Sousa<\/p>\n\n\n\n<p>Sum\u00e9<\/p>\n\n\n\n<p>Tapero\u00e1<\/p>\n\n\n\n<p>Vieir\u00f3polis<\/p>\n\n\n\n<p>Click PB<\/p>\n","protected":false},"excerpt":{"rendered":"<p>Produtores de sete munic\u00edpios da Para\u00edba receber\u00e3o, a partir deste m\u00eas, o&nbsp;pagamento&nbsp;referente&nbsp;ao recurso do programa Garantia-Safra para cobrir perdas com a seca. A&nbsp;portaria n\u00ba 4.315,&hellip; <\/p>\n","protected":false},"author":1,"featured_media":96555,"comment_status":"closed","ping_status":"closed","sticky":false,"template":"","format":"standard","meta":{"sfsi_plus_gutenberg_text_before_share":"","sfsi_plus_gutenberg_show_text_before_share":"","sfsi_plus_gutenberg_icon_type":"","sfsi_plus_gutenberg_icon_alignemt":"","sfsi_plus_gutenburg_max_per_row":"","footnotes":""},"categories":[6,50],"tags":[],"class_list":["post-117436","post","type-post","status-publish","format-standard","has-post-thumbnail","hentry","category-cidades","category-destaque"],"_links":{"self":[{"href":"https:\/\/www.caririemacao.com\/1\/wp-json\/wp\/v2\/posts\/117436","targetHints":{"allow":["GET"]}}],"collection":[{"href":"https:\/\/www.caririemacao.com\/1\/wp-json\/wp\/v2\/posts"}],"about":[{"href":"https:\/\/www.caririemacao.com\/1\/wp-json\/wp\/v2\/types\/post"}],"author":[{"embeddable":true,"href":"https:\/\/www.caririemacao.com\/1\/wp-json\/wp\/v2\/users\/1"}],"replies":[{"embeddable":true,"href":"https:\/\/www.caririemacao.com\/1\/wp-json\/wp\/v2\/comments?post=117436"}],"version-history":[{"count":2,"href":"https:\/\/www.caririemacao.com\/1\/wp-json\/wp\/v2\/posts\/117436\/revisions"}],"predecessor-version":[{"id":117447,"href":"https:\/\/www.caririemacao.com\/1\/wp-json\/wp\/v2\/posts\/117436\/revisions\/117447"}],"wp:featuredmedia":[{"embeddable":true,"href":"https:\/\/www.caririemacao.com\/1\/wp-json\/wp\/v2\/media\/96555"}],"wp:attachment":[{"href":"https:\/\/www.caririemacao.com\/1\/wp-json\/wp\/v2\/media?parent=117436"}],"wp:term":[{"taxonomy":"category","embeddable":true,"href":"https:\/\/www.caririemacao.com\/1\/wp-json\/wp\/v2\/categories?post=117436"},{"taxonomy":"post_tag","embeddable":true,"href":"https:\/\/www.caririemacao.com\/1\/wp-json\/wp\/v2\/tags?post=117436"}],"curies":[{"name":"wp","href":"https:\/\/api.w.org\/{rel}","templated":true}]}}