{"id":117449,"date":"2019-09-17T19:16:15","date_gmt":"2019-09-17T22:16:15","guid":{"rendered":"http:\/\/www.caririemacao.com\/1\/?p=117449"},"modified":"2019-09-17T19:18:02","modified_gmt":"2019-09-17T22:18:02","slug":"em-caraubas-prefeito-parabeniza-primeira-dama-e-vereadora-neide-pelo-seu-aniversario","status":"publish","type":"post","link":"https:\/\/www.caririemacao.com\/1\/2019\/09\/17\/em-caraubas-prefeito-parabeniza-primeira-dama-e-vereadora-neide-pelo-seu-aniversario\/","title":{"rendered":"Em Cara\u00fabas: Prefeito parabeniza Primeira-Dama e vereadora Neide pelo seu anivers\u00e1rio"},"content":{"rendered":"\n<p>O prefeito Silvano Dudu enviou mensagem parabenizando a Primeira-Dama e vereadora de Cara\u00fabas <strong>Neide <\/strong>pelo anivers\u00e1rio nesta ter\u00e7a-feira, dia 17 de setembro.<\/p>\n\n\n\n<p><strong>Confira abaixo\nmensagem enviada pelo prefeito Silvano:<\/strong><\/p>\n\n\n\n<p><em>Quero aqui&nbsp;parabenizar&nbsp;a minha esposa <strong>Neide<\/strong>, esta grande Mulher que temos em nosso Munic\u00edpio, uma mulher forte, guerreira, honesta, e acima uma m\u00e3e am\u00e1vel.<\/em><\/p>\n\n\n\n<p><em>Uma mulher envolta pela capacidade \u00fanica de amar. Amar a Deus, amar a Fam\u00edlia, amar seu Trabalho, amar o seu Povo, amar essa Terra, a qual tanto luta e sonha em ver prosperar.&nbsp;<\/em><\/p>\n\n\n\n<p><em>A sua forma de lidar com o Munic\u00edpio com transpar\u00eancia, uni\u00e3o e responsabilidade com a participa\u00e7\u00e3o popular vem mudando a cada dia a vida dos caraubenses.<\/em><\/p>\n\n\n\n<p><em>Sua capacidade de doar-se vai al\u00e9m, pois est\u00e1 sempre pronta a superar os obst\u00e1culos em busca de seus ideais. E faz isso com maestria, com for\u00e7a e entusiasmo, de forma simples, serena e alegre.<\/em><\/p>\n\n\n\n<p><em>Feliz Anivers\u00e1rio<strong> Neide<\/strong>, que esta data possa se repetir por v\u00e1rios anos, que seus sonhos se tornem realidade e que Deus ilumine seus caminhos para que prossiga na trilha do bem, trabalhando cada vez mais em prol desse povo amado de Cara\u00fabas.<\/em><\/p>\n\n\n\n<p><strong>PARAB\u00c9NS!&nbsp;SA\u00daDE\nE PAZ!<\/strong><\/p>\n\n\n\n<p>Mensagem de parab\u00e9ns do Prefeito Silvano Dudu, para sua\nesposa e Primeira-Dama Neide.<\/p>\n","protected":false},"excerpt":{"rendered":"<p>O prefeito Silvano Dudu enviou mensagem parabenizando a Primeira-Dama e vereadora de Cara\u00fabas Neide pelo anivers\u00e1rio nesta ter\u00e7a-feira, dia 17 de setembro. Confira abaixo mensagem&hellip; <\/p>\n","protected":false},"author":2,"featured_media":117451,"comment_status":"closed","ping_status":"closed","sticky":false,"template":"","format":"standard","meta":{"sfsi_plus_gutenberg_text_before_share":"","sfsi_plus_gutenberg_show_text_before_share":"","sfsi_plus_gutenberg_icon_type":"","sfsi_plus_gutenberg_icon_alignemt":"","sfsi_plus_gutenburg_max_per_row":"","footnotes":""},"categories":[50,2],"tags":[],"class_list":["post-117449","post","type-post","status-publish","format-standard","has-post-thumbnail","hentry","category-destaque","category-geral"],"_links":{"self":[{"href":"https:\/\/www.caririemacao.com\/1\/wp-json\/wp\/v2\/posts\/117449","targetHints":{"allow":["GET"]}}],"collection":[{"href":"https:\/\/www.caririemacao.com\/1\/wp-json\/wp\/v2\/posts"}],"about":[{"href":"https:\/\/www.caririemacao.com\/1\/wp-json\/wp\/v2\/types\/post"}],"author":[{"embeddable":true,"href":"https:\/\/www.caririemacao.com\/1\/wp-json\/wp\/v2\/users\/2"}],"replies":[{"embeddable":true,"href":"https:\/\/www.caririemacao.com\/1\/wp-json\/wp\/v2\/comments?post=117449"}],"version-history":[{"count":2,"href":"https:\/\/www.caririemacao.com\/1\/wp-json\/wp\/v2\/posts\/117449\/revisions"}],"predecessor-version":[{"id":117453,"href":"https:\/\/www.caririemacao.com\/1\/wp-json\/wp\/v2\/posts\/117449\/revisions\/117453"}],"wp:featuredmedia":[{"embeddable":true,"href":"https:\/\/www.caririemacao.com\/1\/wp-json\/wp\/v2\/media\/117451"}],"wp:attachment":[{"href":"https:\/\/www.caririemacao.com\/1\/wp-json\/wp\/v2\/media?parent=117449"}],"wp:term":[{"taxonomy":"category","embeddable":true,"href":"https:\/\/www.caririemacao.com\/1\/wp-json\/wp\/v2\/categories?post=117449"},{"taxonomy":"post_tag","embeddable":true,"href":"https:\/\/www.caririemacao.com\/1\/wp-json\/wp\/v2\/tags?post=117449"}],"curies":[{"name":"wp","href":"https:\/\/api.w.org\/{rel}","templated":true}]}}